{
    "id": 23933,
    "date": "2020-03-02T11:45:50",
    "date_gmt": "2020-03-02T11:45:50",
    "guid": {
        "rendered": "https:\/\/textil.md\/2023\/product\/huse-ambalaj-pentru-perne-7050\/"
    },
    "modified": "2024-11-13T16:06:19",
    "modified_gmt": "2024-11-13T13:06:19",
    "slug": "huse-ambalaj-pentru-perne-7050",
    "status": "publish",
    "type": "product",
    "link": "https:\/\/textil.md\/ru\/?product=huse-ambalaj-pentru-perne-7050",
    "title": {
        "rendered": "Huse\/ambalaj pentru perne 70*50"
    },
    "content": {
        "rendered": "<p class=\"MsoNormal\" style=\"margin-bottom:0cm;margin-bottom:.0001pt;text-indent: 35.4pt;line-height:normal\">E\u0219ti produc\u0103tor de perne sau alte produse din textile \u0219i nu ai ambalaj?<\/p>\n<p class=\"MsoNormal\" style=\"margin-bottom:0cm;margin-bottom:.0001pt;text-indent: 35.4pt;line-height:normal\">Compania noastr\u0103 te ajut\u0103.<\/p>\n<p class=\"MsoNormal\" style=\"margin-bottom:0cm;margin-bottom:.0001pt;text-indent: 35.4pt;line-height:normal\">Producem ambalaj din spunbond \u0219i PVC la cele mai potrivite \u0219i avantajoase condi\u021bii. Organiz\u0103m o colaborare individual\u0103 cu ficare client, proiect\u0103m modelul potrivit pentru fiecrae produs s\u0103 fie potrivit dup\u0103 dimensiuni, greutate \u0219i nuan\u021be de culoare pentru a reda un aspecti impecabil produsului Dumneavoastr\u0103.<\/p>\n<p class=\"MsoNormal\" style=\"margin-bottom:0cm;margin-bottom:.0001pt;text-indent: 35.4pt;line-height:normal\"><\/p>\n<p class=\"MsoNormal\" style=\"margin-bottom:0cm;margin-bottom:.0001pt;text-indent: 35.4pt;line-height:normal\"><b>De ce noi?<\/b><\/p>\n<p class=\"MsoNormal\" style=\"margin-bottom:0cm;margin-bottom:.0001pt;text-indent: 35.4pt;line-height:normal\">1. Avem cele mai bune pre\u021buri;<\/p>\n<p class=\"MsoNormal\" style=\"margin-bottom:0cm;margin-bottom:.0001pt;text-indent: 35.4pt;line-height:normal\">2. Producem cantit\u0103\u021bi mai mici de c\u00eet al\u021bi produc\u0103tori din Turcia sau China;<\/p>\n<p class=\"MsoNormal\" style=\"margin-bottom:0cm;margin-bottom:.0001pt;text-indent: 35.4pt;line-height:normal\">3. Individual este negociate pre\u021bul;<\/p>\n<p class=\"MsoNormal\" style=\"margin-bottom:0cm;margin-bottom:.0001pt;text-indent: 35.4pt;line-height:normal\">4. Accept\u0103m achitarea doar prin transfer cu eliberarea facturii fiscale;<\/p>\n<p class=\"MsoNormal\" style=\"margin-bottom:0cm;margin-bottom:.0001pt;text-indent: 35.4pt;line-height:normal\">6. Petru fiecare produs, proiect\u0103m \u0219i producem o monstr\u0103 care se prezint\u0103 clientului p\u00een\u0103 la plasarea comenzii.<\/p>\n<p class=\"MsoNormal\" style=\"margin-bottom:0cm;margin-bottom:.0001pt;text-indent: 35.4pt;line-height:normal\"><\/p>",
        "protected": false
    },
    "excerpt": {
        "rendered": "<p>E\u0219ti produc\u0103tor de perne sau alte produse din textile \u0219i nu ai ambalaj? Compania noastr\u0103 te ajut\u0103. Producem ambalaj din spunbond \u0219i PVC la cele mai potrivite \u0219i avantajoase condi\u021bii. Organiz\u0103m o colaborare individual\u0103 cu ficare client, proiect\u0103m modelul potrivit pentru fiecrae produs s\u0103 fie potrivit dup\u0103 dimensiuni, greutate \u0219i nuan\u021be de culoare pentru a [&hellip;]<\/p>",
        "protected": false
    },
    "featured_media": 23931,
    "comment_status": "open",
    "ping_status": "closed",
    "template": "",
    "meta": [],
    "product_brand": [],
    "product_cat": [
        265
    ],
    "product_tag": [],
    "class_list": {
        "0": "post-23933",
        "1": "product",
        "2": "type-product",
        "3": "status-publish",
        "4": "has-post-thumbnail",
        "6": "product_cat-ambalaje-pentru-textile",
        "8": "first",
        "9": "instock",
        "10": "shipping-taxable",
        "11": "purchasable",
        "12": "product-type-simple"
    },
    "_links": {
        "self": [
            {
                "href": "https:\/\/textil.md\/ru\/index.php?rest_route=\/wp\/v2\/product\/23933",
                "targetHints": {
                    "allow": [
                        "GET"
                    ]
                }
            }
        ],
        "collection": [
            {
                "href": "https:\/\/textil.md\/ru\/index.php?rest_route=\/wp\/v2\/product"
            }
        ],
        "about": [
            {
                "href": "https:\/\/textil.md\/ru\/index.php?rest_route=\/wp\/v2\/types\/product"
            }
        ],
        "replies": [
            {
                "embeddable": true,
                "href": "https:\/\/textil.md\/ru\/index.php?rest_route=%2Fwp%2Fv2%2Fcomments&post=23933"
            }
        ],
        "wp:featuredmedia": [
            {
                "embeddable": true,
                "href": "https:\/\/textil.md\/ru\/index.php?rest_route=\/wp\/v2\/media\/23931"
            }
        ],
        "wp:attachment": [
            {
                "href": "https:\/\/textil.md\/ru\/index.php?rest_route=%2Fwp%2Fv2%2Fmedia&parent=23933"
            }
        ],
        "wp:term": [
            {
                "taxonomy": "product_brand",
                "embeddable": true,
                "href": "https:\/\/textil.md\/ru\/index.php?rest_route=%2Fwp%2Fv2%2Fproduct_brand&post=23933"
            },
            {
                "taxonomy": "product_cat",
                "embeddable": true,
                "href": "https:\/\/textil.md\/ru\/index.php?rest_route=%2Fwp%2Fv2%2Fproduct_cat&post=23933"
            },
            {
                "taxonomy": "product_tag",
                "embeddable": true,
                "href": "https:\/\/textil.md\/ru\/index.php?rest_route=%2Fwp%2Fv2%2Fproduct_tag&post=23933"
            }
        ],
        "curies": [
            {
                "name": "wp",
                "href": "https:\/\/api.w.org\/{rel}",
                "templated": true
            }
        ]
    }
}