{
    "id": 24021,
    "date": "2021-11-12T11:11:11",
    "date_gmt": "2021-11-12T11:11:11",
    "guid": {
        "rendered": "https:\/\/textil.md\/2023\/product\/ambalaj-pentru-articole-textile-2\/"
    },
    "modified": "2026-03-28T00:17:58",
    "modified_gmt": "2026-03-27T21:17:58",
    "slug": "ambalaj-pentru-articole-textile-2",
    "status": "publish",
    "type": "product",
    "link": "https:\/\/textil.md\/ru\/?product=ambalaj-pentru-articole-textile-2",
    "title": {
        "rendered": "Ambalaj pentru articole textile"
    },
    "content": {
        "rendered": "<p style=\"outline: 0px; -webkit-font-smoothing: antialiased; margin-bottom: 10px; padding-top: 0px; color: rgb(50, 49, 49); font-family: Roboto; font-size: 14px;\">&nbsp; &nbsp; &nbsp; &nbsp;&nbsp;<font face=\"Times New Roman\" style=\"outline: 0px; -webkit-font-smoothing: antialiased;\"><span style=\"outline: 0px; -webkit-font-smoothing: antialiased; font-size: 18px;\">Ambalajul pentru textile din PVC \u0219i ne\u021besut este o op\u021biune excelent\u0103 pentru ambalarea produselor textile \u0219i este solicitat\u0103 de c\u0103tre produc\u0103torii de produse textile. Ambalajele de diferite dimensiuni \u0219i volume este potrivit\u0103 pentru perne, plapume, seturi de paturi, pentru p\u0103r\u021bile laterale \u00eentr-un p\u0103tuc, pentru a\u0219ternut \u0219i alte articole.<\/span><\/font><\/p>\n<p style=\"outline: 0px; -webkit-font-smoothing: antialiased; margin-bottom: 10px; color: rgb(50, 49, 49); font-family: Roboto; font-size: 14px;\">&nbsp;&nbsp;&nbsp;&nbsp;&nbsp;&nbsp;&nbsp;&nbsp;<font face=\"Times New Roman\" style=\"outline: 0px; -webkit-font-smoothing: antialiased;\"><span style=\"outline: 0px; -webkit-font-smoothing: antialiased; font-size: 18px;\">Gentile pentru ambalarea articolelor din textile sunt de asemenea potrivite pentru depozitarea produselor textile acas\u0103, protejate de praf, murd\u0103rie \u0219i v\u0103 permit s\u0103 depozita\u021bi lucrurile \u00een mod compact \u0219i igienic.<\/span><\/font><\/p>\n<p style=\"outline: 0px; -webkit-font-smoothing: antialiased; margin-bottom: 10px; color: rgb(50, 49, 49); font-family: Roboto; font-size: 14px;\">&nbsp;&nbsp;&nbsp;&nbsp;&nbsp;&nbsp;&nbsp;&nbsp;<font face=\"Times New Roman\" style=\"outline: 0px; -webkit-font-smoothing: antialiased;\"><span style=\"outline: 0px; -webkit-font-smoothing: antialiased; font-size: 18px;\">La fabricarea ambalajelor pentru textile, se folose\u0219te PVC de 6,7,9,10 micr. moale \u0219i ne\u021besut. Datorit\u0103 utiliz\u0103rii filii de PVC moale \u0219i foarte transparent, con\u021binutul este u\u0219or de v\u0103zut \u0219i transform\u0103 produsul \u00eentr-un produs deosebit. Toate tipurile de ambalaje pentru textile sunt fixate cu fermoar, echipate cu m\u00e2nere pentru transport.&nbsp;<\/span><\/font><\/p>\n<p style=\"outline: 0px; -webkit-font-smoothing: antialiased; margin-bottom: 10px; color: rgb(50, 49, 49); font-family: Roboto; font-size: 14px;\"><font face=\"Times New Roman\" style=\"outline: 0px; -webkit-font-smoothing: antialiased;\"><span style=\"outline: 0px; -webkit-font-smoothing: antialiased; font-size: 18px;\"><span style=\"outline: 0px; -webkit-font-smoothing: antialiased; font-weight: 600;\"><br style=\"outline: 0px; -webkit-font-smoothing: antialiased;\"><\/span><\/span><\/font><\/p>\n<p style=\"outline: 0px; -webkit-font-smoothing: antialiased; margin-bottom: 0px; padding-bottom: 0px; color: rgb(50, 49, 49); font-family: Roboto; font-size: 14px;\"><font face=\"Times New Roman\" style=\"outline: 0px; -webkit-font-smoothing: antialiased;\"><span style=\"outline: 0px; -webkit-font-smoothing: antialiased; font-size: 18px;\"><span style=\"outline: 0px; -webkit-font-smoothing: antialiased; font-weight: 600;\">Dimensiune:&nbsp;<\/span><\/span><\/font><\/p>",
        "protected": false
    },
    "excerpt": {
        "rendered": "<p>&nbsp; &nbsp; &nbsp; &nbsp;&nbsp;Ambalajul pentru textile din PVC \u0219i ne\u021besut este o op\u021biune excelent\u0103 pentru ambalarea produselor textile \u0219i este solicitat\u0103 de c\u0103tre produc\u0103torii de produse textile. Ambalajele de diferite dimensiuni \u0219i volume este potrivit\u0103 pentru perne, plapume, seturi de paturi, pentru p\u0103r\u021bile laterale \u00eentr-un p\u0103tuc, pentru a\u0219ternut \u0219i alte articole. &nbsp;&nbsp;&nbsp;&nbsp;&nbsp;&nbsp;&nbsp;&nbsp;Gentile pentru ambalarea articolelor [&hellip;]<\/p>",
        "protected": false
    },
    "featured_media": 24020,
    "comment_status": "open",
    "ping_status": "closed",
    "template": "",
    "meta": [],
    "product_brand": [],
    "product_cat": [
        265
    ],
    "product_tag": [],
    "class_list": {
        "0": "post-24021",
        "1": "product",
        "2": "type-product",
        "3": "status-publish",
        "4": "has-post-thumbnail",
        "6": "product_cat-ambalaje-pentru-textile",
        "8": "first",
        "9": "onbackorder",
        "10": "shipping-taxable",
        "11": "purchasable",
        "12": "product-type-simple"
    },
    "_links": {
        "self": [
            {
                "href": "https:\/\/textil.md\/ru\/index.php?rest_route=\/wp\/v2\/product\/24021",
                "targetHints": {
                    "allow": [
                        "GET"
                    ]
                }
            }
        ],
        "collection": [
            {
                "href": "https:\/\/textil.md\/ru\/index.php?rest_route=\/wp\/v2\/product"
            }
        ],
        "about": [
            {
                "href": "https:\/\/textil.md\/ru\/index.php?rest_route=\/wp\/v2\/types\/product"
            }
        ],
        "replies": [
            {
                "embeddable": true,
                "href": "https:\/\/textil.md\/ru\/index.php?rest_route=%2Fwp%2Fv2%2Fcomments&post=24021"
            }
        ],
        "wp:featuredmedia": [
            {
                "embeddable": true,
                "href": "https:\/\/textil.md\/ru\/index.php?rest_route=\/wp\/v2\/media\/24020"
            }
        ],
        "wp:attachment": [
            {
                "href": "https:\/\/textil.md\/ru\/index.php?rest_route=%2Fwp%2Fv2%2Fmedia&parent=24021"
            }
        ],
        "wp:term": [
            {
                "taxonomy": "product_brand",
                "embeddable": true,
                "href": "https:\/\/textil.md\/ru\/index.php?rest_route=%2Fwp%2Fv2%2Fproduct_brand&post=24021"
            },
            {
                "taxonomy": "product_cat",
                "embeddable": true,
                "href": "https:\/\/textil.md\/ru\/index.php?rest_route=%2Fwp%2Fv2%2Fproduct_cat&post=24021"
            },
            {
                "taxonomy": "product_tag",
                "embeddable": true,
                "href": "https:\/\/textil.md\/ru\/index.php?rest_route=%2Fwp%2Fv2%2Fproduct_tag&post=24021"
            }
        ],
        "curies": [
            {
                "name": "wp",
                "href": "https:\/\/api.w.org\/{rel}",
                "templated": true
            }
        ]
    }
}