{
    "id": 24084,
    "date": "2021-11-26T12:13:12",
    "date_gmt": "2021-11-26T12:13:12",
    "guid": {
        "rendered": "https:\/\/textil.md\/2023\/product\/plapuma-usoara-de-vara-200220-cm\/"
    },
    "modified": "2023-10-23T12:25:31",
    "modified_gmt": "2023-10-23T09:25:31",
    "slug": "plapuma-usoara-de-vara-200220-cm",
    "status": "publish",
    "type": "product",
    "link": "https:\/\/textil.md\/ru\/?product=plapuma-usoara-de-vara-200220-cm",
    "title": {
        "rendered": "Plapum\u0103 u\u0219oar\u0103 de var\u0103 200*220 cm"
    },
    "content": {
        "rendered": "<p dir=\"ltr\" style=\"line-height:1.7999999999999998;text-align: justify;margin-top:0pt;margin-bottom:0pt;\"><span style=\"font-size: 18px; font-family: &quot;Times New Roman&quot;; color: rgb(43, 43, 43); font-weight: 400; font-style: normal; font-variant: normal; text-decoration: none; vertical-align: baseline; white-space: pre-wrap;\">Pute\u021bi folosi plapuma de var\u0103 pentru a acoperi repede patul \u0219i poate fi utilizat\u0103 ca o plapum\u0103 u\u0219oar\u0103. Pentru var\u0103 este absolut perfect\u0103, iar \u00een timpul iernii poate fi folosit\u0103 \u00eempreun\u0103 cu o p\u0103tur\u0103 pentru a v\u0103 \u00eenc\u0103lzi c\u00e2t mai bine.<\/span><\/p>\n<p><span id=\"docs-internal-guid-08578dbc-7fff-4b2b-e7bc-0fe27e1800e2\"><\/span><\/p>\n<p dir=\"ltr\" style=\"line-height:1.7999999999999998;text-align: justify;margin-top:0pt;margin-bottom:0pt;\"><\/p>\n<p><span style=\"font-size: 18px;\"><font face=\"Times New Roman\"><b>Dimensiune:<\/b> 200*220 cm<\/font><\/span><\/p>",
        "protected": false
    },
    "excerpt": {
        "rendered": "<p>Pute\u021bi folosi plapuma de var\u0103 pentru a acoperi repede patul \u0219i poate fi utilizat\u0103 ca o plapum\u0103 u\u0219oar\u0103. Pentru var\u0103 este absolut perfect\u0103, iar \u00een timpul iernii poate fi folosit\u0103 \u00eempreun\u0103 cu o p\u0103tur\u0103 pentru a v\u0103 \u00eenc\u0103lzi c\u00e2t mai bine. Dimensiune: 200*220 cm<\/p>",
        "protected": false
    },
    "featured_media": 24082,
    "comment_status": "open",
    "ping_status": "closed",
    "template": "",
    "meta": [],
    "product_brand": [],
    "product_cat": [
        270
    ],
    "product_tag": [],
    "class_list": {
        "0": "post-24084",
        "1": "product",
        "2": "type-product",
        "3": "status-publish",
        "4": "has-post-thumbnail",
        "6": "product_cat-plapume",
        "8": "first",
        "9": "instock",
        "10": "shipping-taxable",
        "11": "purchasable",
        "12": "product-type-simple"
    },
    "_links": {
        "self": [
            {
                "href": "https:\/\/textil.md\/ru\/index.php?rest_route=\/wp\/v2\/product\/24084",
                "targetHints": {
                    "allow": [
                        "GET"
                    ]
                }
            }
        ],
        "collection": [
            {
                "href": "https:\/\/textil.md\/ru\/index.php?rest_route=\/wp\/v2\/product"
            }
        ],
        "about": [
            {
                "href": "https:\/\/textil.md\/ru\/index.php?rest_route=\/wp\/v2\/types\/product"
            }
        ],
        "replies": [
            {
                "embeddable": true,
                "href": "https:\/\/textil.md\/ru\/index.php?rest_route=%2Fwp%2Fv2%2Fcomments&post=24084"
            }
        ],
        "wp:featuredmedia": [
            {
                "embeddable": true,
                "href": "https:\/\/textil.md\/ru\/index.php?rest_route=\/wp\/v2\/media\/24082"
            }
        ],
        "wp:attachment": [
            {
                "href": "https:\/\/textil.md\/ru\/index.php?rest_route=%2Fwp%2Fv2%2Fmedia&parent=24084"
            }
        ],
        "wp:term": [
            {
                "taxonomy": "product_brand",
                "embeddable": true,
                "href": "https:\/\/textil.md\/ru\/index.php?rest_route=%2Fwp%2Fv2%2Fproduct_brand&post=24084"
            },
            {
                "taxonomy": "product_cat",
                "embeddable": true,
                "href": "https:\/\/textil.md\/ru\/index.php?rest_route=%2Fwp%2Fv2%2Fproduct_cat&post=24084"
            },
            {
                "taxonomy": "product_tag",
                "embeddable": true,
                "href": "https:\/\/textil.md\/ru\/index.php?rest_route=%2Fwp%2Fv2%2Fproduct_tag&post=24084"
            }
        ],
        "curies": [
            {
                "name": "wp",
                "href": "https:\/\/api.w.org\/{rel}",
                "templated": true
            }
        ]
    }
}