{
    "id": 24348,
    "date": "2021-12-06T10:26:22",
    "date_gmt": "2021-12-06T07:26:22",
    "guid": {
        "rendered": "https:\/\/textil.md\/2023\/product\/fata-de-masa-cu-protectie-crystal-144-274-cm\/"
    },
    "modified": "2025-05-19T10:01:57",
    "modified_gmt": "2025-05-19T07:01:57",
    "slug": "fata-de-masa-cu-protectie-crystal-144-274-cm",
    "status": "publish",
    "type": "product",
    "link": "https:\/\/textil.md\/ru\/?product=fata-de-masa-cu-protectie-crystal-144-274-cm",
    "title": {
        "rendered": "Fa\u021b\u0103 de mas\u0103 cu protec\u021bie \u201eCrystal\u201d 144* 274 cm"
    },
    "content": {
        "rendered": "<p style=\"outline: 0px; -webkit-font-smoothing: antialiased; margin-bottom: 0px; padding: 0px; border: 0px; font-size: 13px; vertical-align: baseline; background-image: initial; background-position: initial; background-size: initial; background-repeat: initial; background-attachment: initial; background-origin: initial; background-clip: initial;\"><span style=\"outline: 0px; -webkit-font-smoothing: antialiased; font-family: Times New Roman;\"><span style=\"outline: 0px; -webkit-font-smoothing: antialiased; font-size: 18px;\">Fa\u021b\u0103 de mas\u0103 din bumbac 100% cu motive de Cr\u0103ciun<\/span><\/span><\/p>\n<p style=\"outline: 0px; -webkit-font-smoothing: antialiased; margin-bottom: 0px; padding: 0px; border: 0px; font-size: 13px; vertical-align: baseline; background-image: initial; background-position: initial; background-size: initial; background-repeat: initial; background-attachment: initial; background-origin: initial; background-clip: initial;\"><span style=\"outline: 0px; -webkit-font-smoothing: antialiased; font-family: Times New Roman;\"><span style=\"outline: 0px; -webkit-font-smoothing: antialiased; font-size: 18px;\">\u00a0<\/span><\/span><\/p>\n<p style=\"outline: 0px; -webkit-font-smoothing: antialiased; margin-bottom: 0px; padding: 0px; border: 0px; font-size: 13px; vertical-align: baseline; background-image: initial; background-position: initial; background-size: initial; background-repeat: initial; background-attachment: initial; background-origin: initial; background-clip: initial;\"><span style=\"outline: 0px; -webkit-font-smoothing: antialiased; font-family: Times New Roman;\"><span style=\"outline: 0px; -webkit-font-smoothing: antialiased; font-size: 18px;\"><span style=\"outline: 0px; -webkit-font-smoothing: antialiased; font-weight: 600;\">Instruc\u021biuni de folosire:<\/span><\/span><\/span><\/p>\n<p style=\"outline: 0px; -webkit-font-smoothing: antialiased; margin-bottom: 0px; padding: 0px; border: 0px; font-size: 13px; vertical-align: baseline; background-image: initial; background-position: initial; background-size: initial; background-repeat: initial; background-attachment: initial; background-origin: initial; background-clip: initial;\"><span style=\"outline: 0px; -webkit-font-smoothing: antialiased; font-family: Times New Roman;\"><span style=\"outline: 0px; -webkit-font-smoothing: antialiased; font-size: 18px;\">&#8211; nu se folosesc \u00een\u0103lbitori chimici<\/span><\/span><\/p>\n<p style=\"outline: 0px; -webkit-font-smoothing: antialiased; margin-bottom: 0px; padding: 0px; border: 0px; font-size: 13px; vertical-align: baseline; background-image: initial; background-position: initial; background-size: initial; background-repeat: initial; background-attachment: initial; background-origin: initial; background-clip: initial;\"><span style=\"outline: 0px; -webkit-font-smoothing: antialiased; font-family: Times New Roman;\"><span style=\"outline: 0px; -webkit-font-smoothing: antialiased; font-size: 18px;\">&#8211;\u00a0se spal\u0103 la ma\u0219in\u0103, la temperatura de 30-40 de grade, iar materialul \u00ee\u0219i p\u0103streaz\u0103 culorile vii dup\u0103 sp\u0103lare<\/span><\/span><\/p>\n<p style=\"outline: 0px; -webkit-font-smoothing: antialiased; margin-bottom: 0px; padding: 0px; border: 0px; font-size: 13px; vertical-align: baseline; background-image: initial; background-position: initial; background-size: initial; background-repeat: initial; background-attachment: initial; background-origin: initial; background-clip: initial;\"><span style=\"outline: 0px; -webkit-font-smoothing: antialiased; font-family: Times New Roman;\"><span style=\"outline: 0px; -webkit-font-smoothing: antialiased; font-size: 18px;\">&#8211; se calc\u0103 la maxim 180 de grade<\/span><\/span><\/p>\n<p style=\"outline: 0px; -webkit-font-smoothing: antialiased; margin-bottom: 0px; padding: 0px; border: 0px; font-size: 13px; vertical-align: baseline; background-image: initial; background-position: initial; background-size: initial; background-repeat: initial; background-attachment: initial; background-origin: initial; background-clip: initial;\"><span style=\"outline: 0px; -webkit-font-smoothing: antialiased; font-family: Times New Roman;\"><span style=\"outline: 0px; -webkit-font-smoothing: antialiased; font-size: 18px;\">\u00a0<\/span><\/span><\/p>\n<p style=\"outline: 0px; -webkit-font-smoothing: antialiased; margin-bottom: 0px; padding: 0px; border: 0px; font-size: 13px; vertical-align: baseline; background-image: initial; background-position: initial; background-size: initial; background-repeat: initial; background-attachment: initial; background-origin: initial; background-clip: initial;\"><span style=\"outline: 0px; -webkit-font-smoothing: antialiased; font-family: Times New Roman;\"><span style=\"outline: 0px; -webkit-font-smoothing: antialiased; font-size: 18px;\"><span style=\"outline: 0px; -webkit-font-smoothing: antialiased; font-weight: 600;\">Mod ambalare:<\/span>\u00a0in punga pvc de tip cadou.<\/span><\/span><\/p>\n<p style=\"outline: 0px; -webkit-font-smoothing: antialiased; margin-bottom: 0px; padding: 0px; border: 0px; font-size: 13px; vertical-align: baseline; background-image: initial; background-position: initial; background-size: initial; background-repeat: initial; background-attachment: initial; background-origin: initial; background-clip: initial;\"><span style=\"outline: 0px; -webkit-font-smoothing: antialiased; font-family: Times New Roman;\"><span style=\"outline: 0px; -webkit-font-smoothing: antialiased; font-size: 18px;\">\u00a0<\/span><\/span><\/p>\n<p style=\"outline: 0px; -webkit-font-smoothing: antialiased; margin-bottom: 0px; padding: 0px; border: 0px; font-size: 13px; vertical-align: baseline; background-image: initial; background-position: initial; background-size: initial; background-repeat: initial; background-attachment: initial; background-origin: initial; background-clip: initial;\"><span style=\"outline: 0px; -webkit-font-smoothing: antialiased; font-family: Times New Roman;\"><span style=\"outline: 0px; -webkit-font-smoothing: antialiased; font-size: 18px;\"><span style=\"outline: 0px; -webkit-font-smoothing: antialiased; font-weight: 600;\">Certificate:<\/span>\u00a0ISO 9001, OEKO TEX 100.<\/span><\/span><\/p>",
        "protected": false
    },
    "excerpt": {
        "rendered": "<p>Fa\u021b\u0103 de mas\u0103 din bumbac 100% cu motive de Cr\u0103ciun \u00a0 Instruc\u021biuni de folosire: &#8211; nu se folosesc \u00een\u0103lbitori chimici &#8211;\u00a0se spal\u0103 la ma\u0219in\u0103, la temperatura de 30-40 de grade, iar materialul \u00ee\u0219i p\u0103streaz\u0103 culorile vii dup\u0103 sp\u0103lare &#8211; se calc\u0103 la maxim 180 de grade \u00a0 Mod ambalare:\u00a0in punga pvc de tip cadou. \u00a0 [&hellip;]<\/p>",
        "protected": false
    },
    "featured_media": 24346,
    "comment_status": "open",
    "ping_status": "closed",
    "template": "",
    "meta": [],
    "product_brand": [],
    "product_cat": [
        275,
        284
    ],
    "product_tag": [],
    "class_list": {
        "0": "post-24348",
        "1": "product",
        "2": "type-product",
        "3": "status-publish",
        "4": "has-post-thumbnail",
        "6": "product_cat-fete-de-masa",
        "7": "product_cat-produse",
        "9": "first",
        "10": "instock",
        "11": "shipping-taxable",
        "12": "purchasable",
        "13": "product-type-simple"
    },
    "_links": {
        "self": [
            {
                "href": "https:\/\/textil.md\/ru\/index.php?rest_route=\/wp\/v2\/product\/24348",
                "targetHints": {
                    "allow": [
                        "GET"
                    ]
                }
            }
        ],
        "collection": [
            {
                "href": "https:\/\/textil.md\/ru\/index.php?rest_route=\/wp\/v2\/product"
            }
        ],
        "about": [
            {
                "href": "https:\/\/textil.md\/ru\/index.php?rest_route=\/wp\/v2\/types\/product"
            }
        ],
        "replies": [
            {
                "embeddable": true,
                "href": "https:\/\/textil.md\/ru\/index.php?rest_route=%2Fwp%2Fv2%2Fcomments&post=24348"
            }
        ],
        "wp:featuredmedia": [
            {
                "embeddable": true,
                "href": "https:\/\/textil.md\/ru\/index.php?rest_route=\/wp\/v2\/media\/24346"
            }
        ],
        "wp:attachment": [
            {
                "href": "https:\/\/textil.md\/ru\/index.php?rest_route=%2Fwp%2Fv2%2Fmedia&parent=24348"
            }
        ],
        "wp:term": [
            {
                "taxonomy": "product_brand",
                "embeddable": true,
                "href": "https:\/\/textil.md\/ru\/index.php?rest_route=%2Fwp%2Fv2%2Fproduct_brand&post=24348"
            },
            {
                "taxonomy": "product_cat",
                "embeddable": true,
                "href": "https:\/\/textil.md\/ru\/index.php?rest_route=%2Fwp%2Fv2%2Fproduct_cat&post=24348"
            },
            {
                "taxonomy": "product_tag",
                "embeddable": true,
                "href": "https:\/\/textil.md\/ru\/index.php?rest_route=%2Fwp%2Fv2%2Fproduct_tag&post=24348"
            }
        ],
        "curies": [
            {
                "name": "wp",
                "href": "https:\/\/api.w.org\/{rel}",
                "templated": true
            }
        ]
    }
}