{
    "id": 24352,
    "date": "2021-12-06T14:05:55",
    "date_gmt": "2021-12-06T14:05:55",
    "guid": {
        "rendered": "https:\/\/textil.md\/2023\/product\/fata-de-masa-red-crystal-144274-cm\/"
    },
    "modified": "2025-01-05T12:57:03",
    "modified_gmt": "2025-01-05T09:57:03",
    "slug": "fata-de-masa-red-crystal-144274-cm",
    "status": "publish",
    "type": "product",
    "link": "https:\/\/textil.md\/ru\/?product=fata-de-masa-red-crystal-144274-cm",
    "title": {
        "rendered": "Fa\u021b\u0103 de mas\u0103 cu motive de Cr\u0103ciun \u201eRed Crystal\u201d 144*274 cm"
    },
    "content": {
        "rendered": "<p><strong>Str\u0103luci\u021bi \u00een S\u0103rb\u0103tori cu Fa\u021ba de Mas\u0103 &#8216;Red Crystal&#8217; de Cr\u0103ciun<\/strong><\/p>\n<p>Crea\u021bi o atmosfer\u0103 feeric\u0103 de Cr\u0103ciun \u00een casa dvs. cu ajutorul acestei fa\u021be de mas\u0103 cu motive de Cr\u0103ciun &#8216;Red Crystal&#8217;. Cu un design elegant \u0219i str\u0103lucitor, aceast\u0103 fa\u021b\u0103 de mas\u0103 va ad\u0103uga un plus de elegan\u021b\u0103 \u0219i farmec s\u0103rb\u0103tore\u0219te oric\u0103rei mese.<\/p>\n<p><strong>Caracteristici-cheie:<\/strong><\/p>\n<ul>\n<li><em>Design Str\u0103lucitor Red Crystal<\/em>: Fa\u021ba de mas\u0103 este ornamentat\u0103 cu cristale ro\u0219ii care aduc un aer sofisticat \u0219i festiv. Aceste motive str\u0103lucitoare adaug\u0103 un farmec aparte mesei de Cr\u0103ciun \u0219i celebreaz\u0103 spiritul s\u0103rb\u0103torilor.<\/li>\n<li><em>Dimensiuni Impresionante<\/em>: Cu o lungime de 274 cm \u0219i o l\u0103\u021bime de 144 cm, aceast\u0103 fa\u021b\u0103 de mas\u0103 este perfect\u0103 pentru mese lungi \u0219i festive, oferind suficient spa\u021biu pentru a acoperi \u00eentreaga mas\u0103 \u0219i pentru a crea un aspect elegant \u0219i uniform.<\/li>\n<li><em>Calitate Durabil\u0103<\/em>: Fabricat\u0103 din materiale de \u00eenalt\u0103 calitate, aceast\u0103 fa\u021b\u0103 de mas\u0103 este rezistent\u0103 \u0219i proiectat\u0103 pentru a rezista multiplelor s\u0103rb\u0103tori de Cr\u0103ciun. Va r\u0103m\u00e2ne un element de baz\u0103 \u00een decorul dvs. festiv pentru ani mul\u021bi de acum \u00eenainte.<\/li>\n<li><em>Farmecul S\u0103rb\u0103torilor<\/em>: Cu Fa\u021ba de Mas\u0103 &#8216;Red Crystal&#8217;, fiecare mas\u0103 devine o ocazie special\u0103. Ad\u0103uga\u021bi o not\u0103 de elegan\u021b\u0103 s\u0103rb\u0103toreasc\u0103 \u00een fiecare col\u021b al casei \u0219i \u00eemp\u0103rt\u0103\u0219i\u021bi bucuria Cr\u0103ciunului cu cei dragi.<\/li>\n<\/ul>\n<p><strong>Str\u0103luci\u021bi \u00een Cr\u0103ciunul Vostru<\/strong><\/p>\n<p>Cu Fa\u021ba de Mas\u0103 &#8216;Red Crystal&#8217;, ve\u021bi aduce farmecul \u0219i elegan\u021ba s\u0103rb\u0103torilor direct la dvs. acas\u0103. Crea\u021bi un decor memorabil pentru masa de Cr\u0103ciun \u0219i alte evenimente festive.<\/p>\n<p>Ad\u0103uga\u021bi aceast\u0103 fa\u021b\u0103 de mas\u0103 \u00een co\u0219ul dvs. de cump\u0103r\u0103turi ast\u0103zi pentru a transforma fiecare mas\u0103 \u00eentr-o experien\u021b\u0103 de neuitat \u0219i a str\u0103luci \u00een frumuse\u021bea Cr\u0103ciunului.<\/p>",
        "protected": false
    },
    "excerpt": {
        "rendered": "<p>Str\u0103luci\u021bi \u00een S\u0103rb\u0103tori cu Fa\u021ba de Mas\u0103 &#8216;Red Crystal&#8217; de Cr\u0103ciun Crea\u021bi o atmosfer\u0103 feeric\u0103 de Cr\u0103ciun \u00een casa dvs. cu ajutorul acestei fa\u021be de mas\u0103 cu motive de Cr\u0103ciun &#8216;Red Crystal&#8217;. Cu un design elegant \u0219i str\u0103lucitor, aceast\u0103 fa\u021b\u0103 de mas\u0103 va ad\u0103uga un plus de elegan\u021b\u0103 \u0219i farmec s\u0103rb\u0103tore\u0219te oric\u0103rei mese. Caracteristici-cheie: Design [&hellip;]<\/p>",
        "protected": false
    },
    "featured_media": 24294,
    "comment_status": "open",
    "ping_status": "closed",
    "template": "",
    "meta": [],
    "product_brand": [],
    "product_cat": [
        275,
        284
    ],
    "product_tag": [],
    "class_list": {
        "0": "post-24352",
        "1": "product",
        "2": "type-product",
        "3": "status-publish",
        "4": "has-post-thumbnail",
        "6": "product_cat-fete-de-masa",
        "7": "product_cat-produse",
        "9": "first",
        "10": "instock",
        "11": "shipping-taxable",
        "12": "purchasable",
        "13": "product-type-simple"
    },
    "_links": {
        "self": [
            {
                "href": "https:\/\/textil.md\/ru\/index.php?rest_route=\/wp\/v2\/product\/24352",
                "targetHints": {
                    "allow": [
                        "GET"
                    ]
                }
            }
        ],
        "collection": [
            {
                "href": "https:\/\/textil.md\/ru\/index.php?rest_route=\/wp\/v2\/product"
            }
        ],
        "about": [
            {
                "href": "https:\/\/textil.md\/ru\/index.php?rest_route=\/wp\/v2\/types\/product"
            }
        ],
        "replies": [
            {
                "embeddable": true,
                "href": "https:\/\/textil.md\/ru\/index.php?rest_route=%2Fwp%2Fv2%2Fcomments&post=24352"
            }
        ],
        "wp:featuredmedia": [
            {
                "embeddable": true,
                "href": "https:\/\/textil.md\/ru\/index.php?rest_route=\/wp\/v2\/media\/24294"
            }
        ],
        "wp:attachment": [
            {
                "href": "https:\/\/textil.md\/ru\/index.php?rest_route=%2Fwp%2Fv2%2Fmedia&parent=24352"
            }
        ],
        "wp:term": [
            {
                "taxonomy": "product_brand",
                "embeddable": true,
                "href": "https:\/\/textil.md\/ru\/index.php?rest_route=%2Fwp%2Fv2%2Fproduct_brand&post=24352"
            },
            {
                "taxonomy": "product_cat",
                "embeddable": true,
                "href": "https:\/\/textil.md\/ru\/index.php?rest_route=%2Fwp%2Fv2%2Fproduct_cat&post=24352"
            },
            {
                "taxonomy": "product_tag",
                "embeddable": true,
                "href": "https:\/\/textil.md\/ru\/index.php?rest_route=%2Fwp%2Fv2%2Fproduct_tag&post=24352"
            }
        ],
        "curies": [
            {
                "name": "wp",
                "href": "https:\/\/api.w.org\/{rel}",
                "templated": true
            }
        ]
    }
}