{
    "id": 24408,
    "date": "2021-12-09T10:59:11",
    "date_gmt": "2021-12-09T07:59:11",
    "guid": {
        "rendered": "https:\/\/textil.md\/2023\/product\/set-de-lenjerie-de-pat-euro-215240-cm-4\/"
    },
    "modified": "2023-10-27T13:31:07",
    "modified_gmt": "2023-10-27T10:31:07",
    "slug": "set-de-lenjerie-de-pat-euro-215240-cm-4",
    "status": "publish",
    "type": "product",
    "link": "https:\/\/textil.md\/ru\/?product=set-de-lenjerie-de-pat-euro-215240-cm-4",
    "title": {
        "rendered": "Set de lenjerie de pat EURO 215*240 cm"
    },
    "content": {
        "rendered": "<p style=\"outline: 0px; -webkit-font-smoothing: antialiased; margin-bottom: 10px; padding-top: 0px; color: #323131; font-family: Roboto; font-size: 14px;\"><span style=\"outline: 0px; -webkit-font-smoothing: antialiased; font-family: Times New Roman;\"><span style=\"outline: 0px; -webkit-font-smoothing: antialiased; font-size: 18px;\"><span style=\"color: #000000;\">R\u0103sfa\u021b\u0103-te \u00eentr-o lenjerie de pat placut\u0103 la atingere, din\u00a0<\/span><span style=\"outline: 0px; -webkit-font-smoothing: antialiased; font-weight: 600; color: #000000;\">100% bumbac<\/span><span style=\"color: #000000;\">\u00a0\u0219i bucur\u0103-te din plin de un somn lini\u0219tit.<\/span><\/span><\/span><\/p>\n<p style=\"outline: 0px; -webkit-font-smoothing: antialiased; margin-bottom: 10px; padding-top: 0px; color: #323131; font-family: Roboto; font-size: 14px;\"><span style=\"outline: 0px; -webkit-font-smoothing: antialiased; font-family: Times New Roman;\"><span style=\"outline: 0px; -webkit-font-smoothing: antialiased; font-size: 18px;\">\u00a0<\/span><\/span><\/p>\n<p style=\"outline: 0px; -webkit-font-smoothing: antialiased; margin-bottom: 10px; padding-top: 0px; color: #323131; font-family: Roboto; font-size: 14px;\"><span style=\"outline: 0px; -webkit-font-smoothing: antialiased; font-family: Times New Roman;\"><span style=\"outline: 0px; -webkit-font-smoothing: antialiased; font-size: 18px;\"><b>Setul de lenjerie de pat EURO con\u021bine:<\/b><\/span><\/span><\/p>\n<p style=\"outline: 0px; -webkit-font-smoothing: antialiased; margin-bottom: 10px; color: #323131; font-family: Roboto; font-size: 14px;\"><span style=\"outline: 0px; -webkit-font-smoothing: antialiased; font-family: Times New Roman;\"><span style=\"outline: 0px; -webkit-font-smoothing: antialiased; font-size: 18px;\">&#8211; cear\u0219af de pat 215&#215;240 cm<\/span><\/span><\/p>\n<p style=\"outline: 0px; -webkit-font-smoothing: antialiased; margin-bottom: 10px; color: #323131; font-family: Roboto; font-size: 14px;\"><span style=\"outline: 0px; -webkit-font-smoothing: antialiased; font-family: Times New Roman;\"><span style=\"outline: 0px; -webkit-font-smoothing: antialiased; font-size: 18px;\">&#8211; cear\u0219af de plapum\u0103 215&#215;240\u00a0cm<\/span><\/span><\/p>\n<p style=\"outline: 0px; -webkit-font-smoothing: antialiased; margin-bottom: 10px; color: #323131; font-family: Roboto; font-size: 14px;\"><span style=\"outline: 0px; -webkit-font-smoothing: antialiased; font-family: Times New Roman;\"><span style=\"outline: 0px; -webkit-font-smoothing: antialiased; font-size: 18px;\">&#8211; 2 fa\u021be de pern\u0103 70\u044570\u00a0cm<\/span><\/span><\/p>",
        "protected": false
    },
    "excerpt": {
        "rendered": "<p>R\u0103sfa\u021b\u0103-te \u00eentr-o lenjerie de pat placut\u0103 la atingere, din\u00a0100% bumbac\u00a0\u0219i bucur\u0103-te din plin de un somn lini\u0219tit. \u00a0 Setul de lenjerie de pat EURO con\u021bine: &#8211; cear\u0219af de pat 215&#215;240 cm &#8211; cear\u0219af de plapum\u0103 215&#215;240\u00a0cm &#8211; 2 fa\u021be de pern\u0103 70\u044570\u00a0cm<\/p>",
        "protected": false
    },
    "featured_media": 24406,
    "comment_status": "open",
    "ping_status": "closed",
    "template": "",
    "meta": [],
    "product_brand": [],
    "product_cat": [
        259,
        269,
        284
    ],
    "product_tag": [],
    "class_list": {
        "0": "post-24408",
        "1": "product",
        "2": "type-product",
        "3": "status-publish",
        "4": "has-post-thumbnail",
        "6": "product_cat-lenjerie-de-pat",
        "7": "product_cat-lenjerie-de-pat-lenjerie-de-pat",
        "8": "product_cat-produse",
        "10": "first",
        "11": "instock",
        "12": "shipping-taxable",
        "13": "purchasable",
        "14": "product-type-simple"
    },
    "_links": {
        "self": [
            {
                "href": "https:\/\/textil.md\/ru\/index.php?rest_route=\/wp\/v2\/product\/24408",
                "targetHints": {
                    "allow": [
                        "GET"
                    ]
                }
            }
        ],
        "collection": [
            {
                "href": "https:\/\/textil.md\/ru\/index.php?rest_route=\/wp\/v2\/product"
            }
        ],
        "about": [
            {
                "href": "https:\/\/textil.md\/ru\/index.php?rest_route=\/wp\/v2\/types\/product"
            }
        ],
        "replies": [
            {
                "embeddable": true,
                "href": "https:\/\/textil.md\/ru\/index.php?rest_route=%2Fwp%2Fv2%2Fcomments&post=24408"
            }
        ],
        "wp:featuredmedia": [
            {
                "embeddable": true,
                "href": "https:\/\/textil.md\/ru\/index.php?rest_route=\/wp\/v2\/media\/24406"
            }
        ],
        "wp:attachment": [
            {
                "href": "https:\/\/textil.md\/ru\/index.php?rest_route=%2Fwp%2Fv2%2Fmedia&parent=24408"
            }
        ],
        "wp:term": [
            {
                "taxonomy": "product_brand",
                "embeddable": true,
                "href": "https:\/\/textil.md\/ru\/index.php?rest_route=%2Fwp%2Fv2%2Fproduct_brand&post=24408"
            },
            {
                "taxonomy": "product_cat",
                "embeddable": true,
                "href": "https:\/\/textil.md\/ru\/index.php?rest_route=%2Fwp%2Fv2%2Fproduct_cat&post=24408"
            },
            {
                "taxonomy": "product_tag",
                "embeddable": true,
                "href": "https:\/\/textil.md\/ru\/index.php?rest_route=%2Fwp%2Fv2%2Fproduct_tag&post=24408"
            }
        ],
        "curies": [
            {
                "name": "wp",
                "href": "https:\/\/api.w.org\/{rel}",
                "templated": true
            }
        ]
    }
}