{
    "id": 24420,
    "date": "2021-12-13T07:57:50",
    "date_gmt": "2021-12-13T07:57:50",
    "guid": {
        "rendered": "https:\/\/textil.md\/2023\/product\/fata-de-masa-cu-protectie-150300-cm\/"
    },
    "modified": "2025-04-07T15:48:23",
    "modified_gmt": "2025-04-07T12:48:23",
    "slug": "fata-de-masa-cu-protectie-150300-cm",
    "status": "publish",
    "type": "product",
    "link": "https:\/\/textil.md\/ru\/?product=fata-de-masa-cu-protectie-150300-cm",
    "title": {
        "rendered": "Fa\u021b\u0103 de mas\u0103 cu protec\u021bie 150*240 cm"
    },
    "content": {
        "rendered": "<p><strong>Crea\u021bi Magia Cr\u0103ciunului cu Fa\u021ba de Mas\u0103 din Bumbac 100%<\/strong><\/p>\n<p>Aceast\u0103 fa\u021b\u0103 de mas\u0103 aduce farmecul Cr\u0103ciunului direct pe masa dvs. Cu motive de Cr\u0103ciun \u00eenc\u00e2nt\u0103toare, aceast\u0103 fa\u021b\u0103 de mas\u0103 nu doar decoreaz\u0103 masa, ci \u0219i o protejeaz\u0103 de pete \u0219i lichide nedorite. Cu instruc\u021biuni de \u00eentre\u021binere u\u0219oare \u0219i ambalare special\u0103 \u00een pung\u0103 PVC tip cadou, este o alegere excelent\u0103 pentru a completa atmosfera festiv\u0103 din casa dvs.<\/p>\n<p><strong>Caracteristici-cheie:<\/strong><\/p>\n<ul>\n<li><em>Motive de Cr\u0103ciun \u00cenc\u00e2nt\u0103toare<\/em>: Aceast\u0103 fa\u021b\u0103 de mas\u0103 este ornamentat\u0103 cu motive de Cr\u0103ciun, cum ar fi br\u0103du\u021bi, clopo\u021bei \u0219i stele, aduc\u00e2nd magia s\u0103rb\u0103torilor la masa dvs. Ofer\u0103 un cadru perfect pentru a servi mesele festive.<\/li>\n<li><em>Strat Protector cu Efect de Respigere a Lichidelor<\/em>: Fa\u021ba de mas\u0103 este prelucrat\u0103 cu un strat protector care ajut\u0103 la respingerea lichidelor \u0219i petelor nedorite. Acest aspect practic face fa\u021b\u0103 de mas\u0103 ideal\u0103 pentru evenimentele festive.<\/li>\n<li><em>U\u0219or de \u00centre\u021binut<\/em>: Cu instruc\u021biuni simple de folosire, pute\u021bi sp\u0103la aceast\u0103 fa\u021b\u0103 de mas\u0103 la ma\u0219in\u0103, la o temperatur\u0103 de 30-40 de grade, iar materialul \u00ee\u0219i va p\u0103stra culorile vii. Este u\u0219or de c\u0103lcat la maxim 180 de grade.<\/li>\n<li><em>Ambalare Cadou<\/em>: Fa\u021ba de mas\u0103 este ambalat\u0103 \u00eentr-o pung\u0103 PVC tip cadou, ceea ce o face o alegere perfect\u0103 pentru a oferi \u00een dar sau pentru a aduce un z\u00e2mbet pe fa\u021ba celor dragi.<\/li>\n<\/ul>\n<p><strong>Calitate Certificat\u0103<\/strong>: Aceast\u0103 fa\u021b\u0103 de mas\u0103 este fabricat\u0103 cu cea mai \u00eenalt\u0103 aten\u021bie la detalii \u0219i este certificate ISO 9001 \u0219i OEKO-TEX 100, garant\u00e2nd calitatea \u0219i siguran\u021ba produsului.<\/p>\n<p><strong>Crea\u021bi Magia Cr\u0103ciunului la Masa Dvs.<\/strong><\/p>\n<p>Cu Fa\u021ba de Mas\u0103 din Bumbac 100%, pute\u021bi s\u0103 aduce\u021bi spiritul Cr\u0103ciunului la masa dvs. Ofer\u0103 protec\u021bie, frumuse\u021be \u0219i confort \u00een fiecare zi de s\u0103rb\u0103toare.<\/p>\n<p>Ad\u0103uga\u021bi-o \u00een co\u0219ul dvs. de cump\u0103r\u0103turi acum \u0219i transforma\u021bi masa dvs. \u00eentr-un col\u021b de poveste de Cr\u0103ciun.<\/p>",
        "protected": false
    },
    "excerpt": {
        "rendered": "<p>Crea\u021bi Magia Cr\u0103ciunului cu Fa\u021ba de Mas\u0103 din Bumbac 100% Aceast\u0103 fa\u021b\u0103 de mas\u0103 aduce farmecul Cr\u0103ciunului direct pe masa dvs. Cu motive de Cr\u0103ciun \u00eenc\u00e2nt\u0103toare, aceast\u0103 fa\u021b\u0103 de mas\u0103 nu doar decoreaz\u0103 masa, ci \u0219i o protejeaz\u0103 de pete \u0219i lichide nedorite. Cu instruc\u021biuni de \u00eentre\u021binere u\u0219oare \u0219i ambalare special\u0103 \u00een pung\u0103 PVC tip [&hellip;]<\/p>",
        "protected": false
    },
    "featured_media": 24419,
    "comment_status": "open",
    "ping_status": "closed",
    "template": "",
    "meta": [],
    "product_brand": [],
    "product_cat": [
        275,
        284
    ],
    "product_tag": [],
    "class_list": {
        "0": "post-24420",
        "1": "product",
        "2": "type-product",
        "3": "status-publish",
        "4": "has-post-thumbnail",
        "6": "product_cat-fete-de-masa",
        "7": "product_cat-produse",
        "9": "first",
        "10": "onbackorder",
        "11": "shipping-taxable",
        "12": "purchasable",
        "13": "product-type-simple"
    },
    "_links": {
        "self": [
            {
                "href": "https:\/\/textil.md\/ru\/index.php?rest_route=\/wp\/v2\/product\/24420",
                "targetHints": {
                    "allow": [
                        "GET"
                    ]
                }
            }
        ],
        "collection": [
            {
                "href": "https:\/\/textil.md\/ru\/index.php?rest_route=\/wp\/v2\/product"
            }
        ],
        "about": [
            {
                "href": "https:\/\/textil.md\/ru\/index.php?rest_route=\/wp\/v2\/types\/product"
            }
        ],
        "replies": [
            {
                "embeddable": true,
                "href": "https:\/\/textil.md\/ru\/index.php?rest_route=%2Fwp%2Fv2%2Fcomments&post=24420"
            }
        ],
        "wp:featuredmedia": [
            {
                "embeddable": true,
                "href": "https:\/\/textil.md\/ru\/index.php?rest_route=\/wp\/v2\/media\/24419"
            }
        ],
        "wp:attachment": [
            {
                "href": "https:\/\/textil.md\/ru\/index.php?rest_route=%2Fwp%2Fv2%2Fmedia&parent=24420"
            }
        ],
        "wp:term": [
            {
                "taxonomy": "product_brand",
                "embeddable": true,
                "href": "https:\/\/textil.md\/ru\/index.php?rest_route=%2Fwp%2Fv2%2Fproduct_brand&post=24420"
            },
            {
                "taxonomy": "product_cat",
                "embeddable": true,
                "href": "https:\/\/textil.md\/ru\/index.php?rest_route=%2Fwp%2Fv2%2Fproduct_cat&post=24420"
            },
            {
                "taxonomy": "product_tag",
                "embeddable": true,
                "href": "https:\/\/textil.md\/ru\/index.php?rest_route=%2Fwp%2Fv2%2Fproduct_tag&post=24420"
            }
        ],
        "curies": [
            {
                "name": "wp",
                "href": "https:\/\/api.w.org\/{rel}",
                "templated": true
            }
        ]
    }
}