{
    "id": 24915,
    "date": "2023-10-23T15:05:33",
    "date_gmt": "2023-10-23T12:05:33",
    "guid": {
        "rendered": "https:\/\/textil.md\/?post_type=product&#038;p=24915"
    },
    "modified": "2024-07-01T07:44:23",
    "modified_gmt": "2024-07-01T04:44:23",
    "slug": "fata-de-masa-cu-motive-de-craciun-iarmaroc-145214cm",
    "status": "publish",
    "type": "product",
    "link": "https:\/\/textil.md\/ru\/?product=fata-de-masa-cu-motive-de-craciun-iarmaroc-145214cm",
    "title": {
        "rendered": "Fa\u021b\u0103 de mas\u0103 cu motive de Cr\u0103ciun \u201diarmaroc\u201d 145*214cm"
    },
    "content": {
        "rendered": "<p><strong>Ad\u0103uga\u021bi Magia Cr\u0103ciunului \u00een Casa Dvs. cu Fa\u021ba de Mas\u0103 &#8216;Iarmaroc&#8217;<\/strong><\/p>\n<p>Cr\u0103ciunul este despre magie, bucurie \u0219i tradi\u021bie, iar aceast\u0103 fa\u021b\u0103 de mas\u0103 cu motive de Cr\u0103ciun &#8220;Iarmaroc&#8221; v\u0103 ajut\u0103 s\u0103 aduce\u021bi aceast\u0103 magie \u00een centrul casei dvs. Cu un design captivant \u0219i dimensiuni generoase, aceast\u0103 fa\u021b\u0103 de mas\u0103 va transforma masa dvs. \u00eentr-un loc de \u00eent\u00e2lnire plin de c\u0103ldur\u0103 \u0219i spiritul s\u0103rb\u0103torilor.<\/p>\n<p><strong>Caracteristici-cheie:<\/strong><\/p>\n<ul>\n<li><em>Design Festiv Iarmaroc<\/em>: Fa\u021ba de mas\u0103 este decorat\u0103 cu motive de Cr\u0103ciun care amintesc de tradi\u021bionalul iarmaroc de s\u0103rb\u0103tori. Clopo\u021bei, br\u0103du\u021bi, ghirlande \u0219i multe altele, toate prezentate cu detalii minu\u021bioase, v\u0103 vor purta cu g\u00e2ndul la atmosfera festiv\u0103 a Cr\u0103ciunului.<\/li>\n<li><em>Dimensiuni Generoase<\/em>: Cu o lungime de 214 cm \u0219i o l\u0103\u021bime de 145 cm, aceast\u0103 fa\u021b\u0103 de mas\u0103 este perfect\u0103 pentru mesele de Cr\u0103ciun sau oricare alt eveniment special. Acoperi\u021bi \u00eentreaga mas\u0103 \u0219i crea\u021bi un fundal fermec\u0103tor pentru mesele festive.<\/li>\n<li><em>Calitate Superioar\u0103<\/em>: Fabricat\u0103 din materiale de \u00eenalt\u0103 calitate, aceast\u0103 fa\u021b\u0103 de mas\u0103 este rezistent\u0103 \u0219i u\u0219or de \u00eentre\u021binut. Va rezista cu siguran\u021b\u0103 mai multe s\u0103rb\u0103tori de Cr\u0103ciun.<\/li>\n<li><em>Atmosfer\u0103 de S\u0103rb\u0103toare<\/em>: Cu Fa\u021ba de Mas\u0103 &#8216;Iarmaroc&#8217;, fiecare mas\u0103 devine o ocazie special\u0103. Crea\u021bi o atmosfer\u0103 autentic\u0103 de Cr\u0103ciun pentru a v\u0103 bucura de momente unice \u00een compania familiei \u0219i a prietenilor.<\/li>\n<\/ul>\n<p><strong>Crea\u021bi Amintiri de Cr\u0103ciun Magice<\/strong><\/p>\n<p>Cu Fa\u021ba de Mas\u0103 &#8216;Iarmaroc&#8217;, pute\u021bi transforma orice mas\u0103 \u00eentr-un loc de \u00eent\u00e2lnire plin de c\u0103ldur\u0103 \u0219i magie. Cu designul s\u0103u festiv \u0219i dimensiunile generoase, aceast\u0103 fa\u021b\u0103 de mas\u0103 va deveni inima decorului dvs. de Cr\u0103ciun.<\/p>\n<p>Bucura\u021bi-v\u0103 de fiecare mas\u0103 \u00eentr-un cadru autentic de s\u0103rb\u0103toare, cu Fa\u021ba de Mas\u0103 &#8216;Iarmaroc&#8217;. Ad\u0103uga\u021bi-o la co\u0219ul dvs. de cump\u0103r\u0103turi ast\u0103zi pentru a v\u0103 asigura c\u0103 Cr\u0103ciunul dvs. va fi unul plin de amintiri speciale \u0219i bucurie autentic\u0103.<\/p>",
        "protected": false
    },
    "excerpt": {
        "rendered": "<p>Ad\u0103uga\u021bi Magia Cr\u0103ciunului \u00een Casa Dvs. cu Fa\u021ba de Mas\u0103 &#8216;Iarmaroc&#8217; Cr\u0103ciunul este despre magie, bucurie \u0219i tradi\u021bie, iar aceast\u0103 fa\u021b\u0103 de mas\u0103 cu motive de Cr\u0103ciun &#8220;Iarmaroc&#8221; v\u0103 ajut\u0103 s\u0103 aduce\u021bi aceast\u0103 magie \u00een centrul casei dvs. Cu un design captivant \u0219i dimensiuni generoase, aceast\u0103 fa\u021b\u0103 de mas\u0103 va transforma masa dvs. \u00eentr-un loc [&hellip;]<\/p>",
        "protected": false
    },
    "featured_media": 24349,
    "comment_status": "open",
    "ping_status": "closed",
    "template": "",
    "meta": [],
    "product_brand": [],
    "product_cat": [
        275,
        284
    ],
    "product_tag": [],
    "class_list": {
        "0": "post-24915",
        "1": "product",
        "2": "type-product",
        "3": "status-publish",
        "4": "has-post-thumbnail",
        "6": "product_cat-fete-de-masa",
        "7": "product_cat-produse",
        "9": "first",
        "10": "instock",
        "11": "shipping-taxable",
        "12": "purchasable",
        "13": "product-type-simple"
    },
    "_links": {
        "self": [
            {
                "href": "https:\/\/textil.md\/ru\/index.php?rest_route=\/wp\/v2\/product\/24915",
                "targetHints": {
                    "allow": [
                        "GET"
                    ]
                }
            }
        ],
        "collection": [
            {
                "href": "https:\/\/textil.md\/ru\/index.php?rest_route=\/wp\/v2\/product"
            }
        ],
        "about": [
            {
                "href": "https:\/\/textil.md\/ru\/index.php?rest_route=\/wp\/v2\/types\/product"
            }
        ],
        "replies": [
            {
                "embeddable": true,
                "href": "https:\/\/textil.md\/ru\/index.php?rest_route=%2Fwp%2Fv2%2Fcomments&post=24915"
            }
        ],
        "wp:featuredmedia": [
            {
                "embeddable": true,
                "href": "https:\/\/textil.md\/ru\/index.php?rest_route=\/wp\/v2\/media\/24349"
            }
        ],
        "wp:attachment": [
            {
                "href": "https:\/\/textil.md\/ru\/index.php?rest_route=%2Fwp%2Fv2%2Fmedia&parent=24915"
            }
        ],
        "wp:term": [
            {
                "taxonomy": "product_brand",
                "embeddable": true,
                "href": "https:\/\/textil.md\/ru\/index.php?rest_route=%2Fwp%2Fv2%2Fproduct_brand&post=24915"
            },
            {
                "taxonomy": "product_cat",
                "embeddable": true,
                "href": "https:\/\/textil.md\/ru\/index.php?rest_route=%2Fwp%2Fv2%2Fproduct_cat&post=24915"
            },
            {
                "taxonomy": "product_tag",
                "embeddable": true,
                "href": "https:\/\/textil.md\/ru\/index.php?rest_route=%2Fwp%2Fv2%2Fproduct_tag&post=24915"
            }
        ],
        "curies": [
            {
                "name": "wp",
                "href": "https:\/\/api.w.org\/{rel}",
                "templated": true
            }
        ]
    }
}