{
    "id": 24972,
    "date": "2023-10-23T21:48:59",
    "date_gmt": "2023-10-23T18:48:59",
    "guid": {
        "rendered": "https:\/\/textil.md\/?post_type=product&#038;p=24972"
    },
    "modified": "2023-10-24T11:43:42",
    "modified_gmt": "2023-10-24T08:43:42",
    "slug": "husa-pentru-saltea",
    "status": "publish",
    "type": "product",
    "link": "https:\/\/textil.md\/ru\/?product=husa-pentru-saltea",
    "title": {
        "rendered": "Hus\u0103 pentru saltea 160*200cm"
    },
    "content": {
        "rendered": "<p>Husa pentru saltea din Turcia cu dimensiunile de 160&#215;200 cm reprezint\u0103 o alegere excelent\u0103 pentru a proteja salteaua \u0219i a ad\u0103uga un element de elegan\u021b\u0103 \u00een dormitorul dvs. Aceast\u0103 hus\u0103 matlasat\u0103 de culoare alb\u0103 vine cu caracteristici deosebite:<\/p>\n<ul>\n<li>Matlasat\u0103 pentru confort: Husa pentru saltea este matlasat\u0103, ceea ce adaug\u0103 un nivel suplimentar de confort \u0219i amortizare atunci c\u00e2nd dormi\u021bi. Acest strat matlasat poate face somnul dvs. mai relaxant \u0219i odihnitor.<\/li>\n<li>Prindere cu elastic: Husa este echipat\u0103 cu prindere elastic\u0103 care face instalarea \u0219i fixarea pe saltea s\u0103 fie u\u0219oar\u0103 \u0219i eficient\u0103. Aceasta va r\u0103m\u00e2ne ferm fixat\u0103 \u00een timpul utiliz\u0103rii, asigur\u00e2nd c\u0103 salteaua r\u0103m\u00e2ne curat\u0103 \u0219i protejat\u0103.<\/li>\n<li>Dimensiuni generoase: Cu dimensiunile de 160&#215;200 cm, aceast\u0103 hus\u0103 se potrive\u0219te perfect majorit\u0103\u021bii saltelelor duble. Ofer\u0103 o acoperire complet\u0103 \u0219i o protec\u021bie eficient\u0103 \u00eempotriva petelor, prafului \u0219i uzurii.<\/li>\n<li>Alb\u0103 \u0219i stilat\u0103: Culoarea alb\u0103 confer\u0103 un aspect curat, rafinat \u0219i elegant. Aceast\u0103 nuan\u021b\u0103 se potrive\u0219te cu u\u0219urin\u021b\u0103 cu orice decor interior \u0219i adaug\u0103 o not\u0103 de elegan\u021b\u0103 \u00een dormitorul dvs.<\/li>\n<li>Rezistent\u0103: Fabricat\u0103 cu aten\u021bie la detalii, aceast\u0103 hus\u0103 pentru saltea este rezistent\u0103 la uzur\u0103 \u0219i dureaz\u0103 \u00een timp. Este conceput\u0103 pentru a proteja salteaua \u0219i pentru a v\u0103 oferi un somn de calitate pentru mul\u021bi ani.<\/li>\n<\/ul>",
        "protected": false
    },
    "excerpt": {
        "rendered": "<p>Husa pentru saltea din Turcia cu dimensiunile de 160&#215;200 cm reprezint\u0103 o alegere excelent\u0103 pentru a proteja salteaua \u0219i a ad\u0103uga un element de elegan\u021b\u0103 \u00een dormitorul dvs. Aceast\u0103 hus\u0103 matlasat\u0103 de culoare alb\u0103 vine cu caracteristici deosebite: Matlasat\u0103 pentru confort: Husa pentru saltea este matlasat\u0103, ceea ce adaug\u0103 un nivel suplimentar de confort \u0219i [&hellip;]<\/p>",
        "protected": false
    },
    "featured_media": 24973,
    "comment_status": "open",
    "ping_status": "closed",
    "template": "",
    "meta": [],
    "product_brand": [],
    "product_cat": [
        15,
        273
    ],
    "product_tag": [],
    "class_list": {
        "0": "post-24972",
        "1": "product",
        "2": "type-product",
        "3": "status-publish",
        "4": "has-post-thumbnail",
        "6": "product_cat-uncategorized",
        "7": "product_cat-accesorii-dormitor",
        "9": "first",
        "10": "instock",
        "11": "shipping-taxable",
        "12": "purchasable",
        "13": "product-type-simple"
    },
    "_links": {
        "self": [
            {
                "href": "https:\/\/textil.md\/ru\/index.php?rest_route=\/wp\/v2\/product\/24972",
                "targetHints": {
                    "allow": [
                        "GET"
                    ]
                }
            }
        ],
        "collection": [
            {
                "href": "https:\/\/textil.md\/ru\/index.php?rest_route=\/wp\/v2\/product"
            }
        ],
        "about": [
            {
                "href": "https:\/\/textil.md\/ru\/index.php?rest_route=\/wp\/v2\/types\/product"
            }
        ],
        "replies": [
            {
                "embeddable": true,
                "href": "https:\/\/textil.md\/ru\/index.php?rest_route=%2Fwp%2Fv2%2Fcomments&post=24972"
            }
        ],
        "wp:featuredmedia": [
            {
                "embeddable": true,
                "href": "https:\/\/textil.md\/ru\/index.php?rest_route=\/wp\/v2\/media\/24973"
            }
        ],
        "wp:attachment": [
            {
                "href": "https:\/\/textil.md\/ru\/index.php?rest_route=%2Fwp%2Fv2%2Fmedia&parent=24972"
            }
        ],
        "wp:term": [
            {
                "taxonomy": "product_brand",
                "embeddable": true,
                "href": "https:\/\/textil.md\/ru\/index.php?rest_route=%2Fwp%2Fv2%2Fproduct_brand&post=24972"
            },
            {
                "taxonomy": "product_cat",
                "embeddable": true,
                "href": "https:\/\/textil.md\/ru\/index.php?rest_route=%2Fwp%2Fv2%2Fproduct_cat&post=24972"
            },
            {
                "taxonomy": "product_tag",
                "embeddable": true,
                "href": "https:\/\/textil.md\/ru\/index.php?rest_route=%2Fwp%2Fv2%2Fproduct_tag&post=24972"
            }
        ],
        "curies": [
            {
                "name": "wp",
                "href": "https:\/\/api.w.org\/{rel}",
                "templated": true
            }
        ]
    }
}