{
    "id": 25091,
    "date": "2023-10-26T13:37:11",
    "date_gmt": "2023-10-26T10:37:11",
    "guid": {
        "rendered": "https:\/\/textil.md\/?post_type=product&#038;p=25091"
    },
    "modified": "2024-01-09T00:00:01",
    "modified_gmt": "2024-01-08T21:00:01",
    "slug": "suport-pentru-vesela-2222cm",
    "status": "publish",
    "type": "product",
    "link": "https:\/\/textil.md\/ru\/?product=suport-pentru-vesela-2222cm",
    "title": {
        "rendered": "Suport pentru vesel\u0103 22*22cm"
    },
    "content": {
        "rendered": "<p>Descoperi\u021bi versatilitatea \u0219i utilitatea suportului nostru pentru oal\u0103 din bumbac, care nu doar protejeaz\u0103 suprafe\u021bele, ci poate fi folosit \u0219i ca m\u0103nu\u0219\u0103 pentru a v\u0103 ajuta s\u0103 lucra\u021bi \u00een siguran\u021b\u0103 cu crati\u021bele fierbin\u021bi.<\/p>\n<p><strong>Caracteristici cheie:<\/strong><\/p>\n<ul>\n<li><strong>Dimensiuni Potrivite:<\/strong> Suportul m\u0103soar\u0103 22&#215;22 cm, oferind suficient spa\u021biu pentru a potrivi majoritatea oalelor \u0219i tig\u0103ilor obi\u0219nuite. Aceast\u0103 dimensiune generoas\u0103 \u00eel face extrem de versatil.<\/li>\n<li><strong>Material de \u00cenalt\u0103 Calitate:<\/strong> Suprafa\u021ba este confec\u021bionat\u0103 din 100% bumbac, garant\u00e2ndu-v\u0103 c\u0103 suportul este moale la atingere \u0219i, \u00een acela\u0219i timp, durabil \u0219i rezistent la c\u0103ldur\u0103. Proteja\u021bi-v\u0103 suprafe\u021bele de c\u0103ldura oalelor fierbin\u021bi sau folosi\u021bi-l pentru a manipula crati\u021be fierbin\u021bi \u00een siguran\u021b\u0103.<\/li>\n<li><strong>Design Elegant:<\/strong> Suportul pentru oal\u0103 este conceput pentru a ad\u0103uga un aspect elegant \u0219i sofisticat buc\u0103t\u0103riei dvs. Cu un aspect curat \u0219i atr\u0103g\u0103tor, se potrive\u0219te perfect \u00een decorul dvs. \u00een timp ce \u00eendepline\u0219te multiple func\u021bii.<\/li>\n<li><strong>U\u0219or de \u00centre\u021binut:<\/strong> Materialul din bumbac este u\u0219or de cur\u0103\u021bat \u0219i \u00eentre\u021binut. Pute\u021bi sp\u0103la suportul la ma\u0219ina de sp\u0103lat, ceea ce \u00eel face practic \u0219i convenabil.<\/li>\n<li><strong>Protec\u021bie \u0219i Confort:<\/strong> Suportul nu doar protejeaz\u0103 suprafe\u021bele dvs., ci poate fi utilizat \u0219i ca m\u0103nu\u0219\u0103 pentru a lucra \u00een siguran\u021b\u0103 cu crati\u021bele fierbin\u021bi. Acest lucru v\u0103 ofer\u0103 at\u00e2t protec\u021bie, c\u00e2t \u0219i confort \u00een buc\u0103t\u0103rie.<\/li>\n<\/ul>\n<p>Descoperi\u021bi combina\u021bia perfect\u0103 de protec\u021bie \u0219i versatilitate cu suportul pentru oal\u0103 din bumbac. Cu acest accesoriu, ve\u021bi putea lucra cu crati\u021be fierbin\u021bi \u00een siguran\u021b\u0103 \u0219i ve\u021bi proteja suprafe\u021bele, totul \u00een timp ce ad\u0103uga\u021bi o not\u0103 de elegan\u021b\u0103 buc\u0103t\u0103riei dvs.<\/p>\n<p>Ad\u0103uga\u021bi ast\u0103zi suportul pentru oal\u0103 din bumbac \u00een co\u0219ul dvs. \u0219i transforma\u021bi modul \u00een care lucra\u021bi \u00een buc\u0103t\u0103rie.<\/p>",
        "protected": false
    },
    "excerpt": {
        "rendered": "<p>Descoperi\u021bi versatilitatea \u0219i utilitatea suportului nostru pentru oal\u0103 din bumbac, care nu doar protejeaz\u0103 suprafe\u021bele, ci poate fi folosit \u0219i ca m\u0103nu\u0219\u0103 pentru a v\u0103 ajuta s\u0103 lucra\u021bi \u00een siguran\u021b\u0103 cu crati\u021bele fierbin\u021bi. Caracteristici cheie: Dimensiuni Potrivite: Suportul m\u0103soar\u0103 22&#215;22 cm, oferind suficient spa\u021biu pentru a potrivi majoritatea oalelor \u0219i tig\u0103ilor obi\u0219nuite. Aceast\u0103 dimensiune generoas\u0103 [&hellip;]<\/p>",
        "protected": false
    },
    "featured_media": 25093,
    "comment_status": "open",
    "ping_status": "closed",
    "template": "",
    "meta": [],
    "product_brand": [],
    "product_cat": [
        279,
        276
    ],
    "product_tag": [],
    "class_list": {
        "0": "post-25091",
        "1": "product",
        "2": "type-product",
        "3": "status-publish",
        "4": "has-post-thumbnail",
        "6": "product_cat-lenjerie-de-bucatarie-accesorii",
        "7": "product_cat-suport-pentru-masa",
        "9": "first",
        "10": "instock",
        "11": "shipping-taxable",
        "12": "purchasable",
        "13": "product-type-simple"
    },
    "_links": {
        "self": [
            {
                "href": "https:\/\/textil.md\/ru\/index.php?rest_route=\/wp\/v2\/product\/25091",
                "targetHints": {
                    "allow": [
                        "GET"
                    ]
                }
            }
        ],
        "collection": [
            {
                "href": "https:\/\/textil.md\/ru\/index.php?rest_route=\/wp\/v2\/product"
            }
        ],
        "about": [
            {
                "href": "https:\/\/textil.md\/ru\/index.php?rest_route=\/wp\/v2\/types\/product"
            }
        ],
        "replies": [
            {
                "embeddable": true,
                "href": "https:\/\/textil.md\/ru\/index.php?rest_route=%2Fwp%2Fv2%2Fcomments&post=25091"
            }
        ],
        "wp:featuredmedia": [
            {
                "embeddable": true,
                "href": "https:\/\/textil.md\/ru\/index.php?rest_route=\/wp\/v2\/media\/25093"
            }
        ],
        "wp:attachment": [
            {
                "href": "https:\/\/textil.md\/ru\/index.php?rest_route=%2Fwp%2Fv2%2Fmedia&parent=25091"
            }
        ],
        "wp:term": [
            {
                "taxonomy": "product_brand",
                "embeddable": true,
                "href": "https:\/\/textil.md\/ru\/index.php?rest_route=%2Fwp%2Fv2%2Fproduct_brand&post=25091"
            },
            {
                "taxonomy": "product_cat",
                "embeddable": true,
                "href": "https:\/\/textil.md\/ru\/index.php?rest_route=%2Fwp%2Fv2%2Fproduct_cat&post=25091"
            },
            {
                "taxonomy": "product_tag",
                "embeddable": true,
                "href": "https:\/\/textil.md\/ru\/index.php?rest_route=%2Fwp%2Fv2%2Fproduct_tag&post=25091"
            }
        ],
        "curies": [
            {
                "name": "wp",
                "href": "https:\/\/api.w.org\/{rel}",
                "templated": true
            }
        ]
    }
}