{
    "id": 25109,
    "date": "2023-10-26T14:54:05",
    "date_gmt": "2023-10-26T11:54:05",
    "guid": {
        "rendered": "https:\/\/textil.md\/?post_type=product&#038;p=25109"
    },
    "modified": "2023-10-26T16:57:51",
    "modified_gmt": "2023-10-26T13:57:51",
    "slug": "pros-2",
    "status": "publish",
    "type": "product",
    "link": "https:\/\/textil.md\/ru\/?product=pros-2",
    "title": {
        "rendered": "Cuvertur\u0103\/p\u0103tur\u0103 gofrat\u0103 180*200cm"
    },
    "content": {
        "rendered": "<div class=\"flex-1 overflow-hidden\">\n<div class=\"react-scroll-to-bottom--css-dpins-79elbk h-full dark:bg-gray-800\">\n<div class=\"react-scroll-to-bottom--css-dpins-1n7m0yu\">\n<div class=\"flex flex-col text-sm gizmo:pb-9 dark:bg-gray-800\">\n<div class=\"group final-completion w-full text-token-text-primary border-b border-black\/10 gizmo:border-0 dark:border-gray-900\/50 gizmo:dark:border-0 bg-gray-50 gizmo:bg-transparent dark:bg-[#444654] gizmo:dark:bg-transparent\" data-testid=\"conversation-turn-31\">\n<div class=\"p-4 gizmo:py-2 justify-center text-base md:gap-6 md:py-6 m-auto\">\n<div class=\"flex flex-1 gap-4 text-base mx-auto md:gap-6 gizmo:gap-3 gizmo:md:px-5 gizmo:lg:px-1 gizmo:xl:px-5 md:max-w-2xl lg:max-w-[38rem] gizmo:md:max-w-3xl gizmo:lg:max-w-[40rem] gizmo:xl:max-w-[48rem] xl:max-w-3xl }\">\n<div class=\"relative flex w-[calc(100%-50px)] flex-col gizmo:w-full lg:w-[calc(100%-115px)] agent-turn\">\n<div class=\"flex-col gap-1 md:gap-3\">\n<div class=\"flex flex-grow flex-col gap-3 max-w-full\">\n<div class=\"min-h-[20px] flex flex-col items-start gap-3 whitespace-pre-wrap break-words overflow-x-auto\">\n<div class=\"markdown prose w-full break-words dark:prose-invert light\">\n<p>\u00cenvele\u0219te-v\u0103 \u00een confort \u0219i c\u0103ldur\u0103 \u00een serile reci de toamn\u0103 sau iarn\u0103 cu cuvertura\/p\u0103tur\u0103 gofrat\u0103 de 180&#215;200 cm. Aceast\u0103 p\u0103tur\u0103 ofer\u0103 o senza\u021bie extrem de pl\u0103cut\u0103 la atingere \u0219i este ambalat\u0103 ca un cadou perfect pentru a v\u0103 r\u0103sf\u0103\u021ba sau pentru a oferi cuiva o experien\u021b\u0103 deosebit\u0103.<\/p>\n<p><strong>Caracteristici cheie:<\/strong><\/p>\n<ul>\n<li><strong>C\u0103ldur\u0103 \u0219i Confort:<\/strong> Cuvertura\/p\u0103tura gofrat\u0103 este ideal\u0103 pentru a v\u0103 \u00eenconjura cu c\u0103ldur\u0103 \u0219i confort \u00een nop\u021bile reci de toamn\u0103 sau iarn\u0103. Ofer\u0103 un nivel perfect de izolare termic\u0103, f\u0103c\u00e2ndu-v\u0103 s\u0103 v\u0103 sim\u021bi\u021bi r\u0103sf\u0103\u021ba\u021bi \u0219i proteja\u021bi.<\/li>\n<li><strong>Material Pl\u0103cut la Atingere:<\/strong> Materialul cuverturii este at\u00e2t pl\u0103cut, c\u00e2t \u0219i extrem de moale la atingere. Pute\u021bi s\u0103 v\u0103 bucura\u021bi de momente de relaxare \u0219i confort \u00een fiecare sear\u0103.<\/li>\n<li><strong>Dimensiuni Generoase:<\/strong> Cu dimensiunile de 180&#215;200 cm, aceast\u0103 cuvertur\u0103 este suficient de mare pentru a v\u0103 acoperi confortabil. Este potrivit\u0103 pentru un pat obi\u0219nuit sau pentru a fi utilizat\u0103 pe canapea.<\/li>\n<li><strong>Design Gofrat:<\/strong> Gofrul subtil adaug\u0103 un element decorativ la cuvertura\/p\u0103tur\u0103, oferindu-i un aspect rafinat \u0219i sofisticat.<\/li>\n<li><strong>Ambalaj Cadou:<\/strong> Cuvertura\/p\u0103tura este ambalat\u0103 cu grij\u0103 ca un cadou. Acest aspect o face potrivit\u0103 nu doar pentru utilizare personal\u0103, ci \u0219i ca un dar minunat pentru cei dragi.<\/li>\n<\/ul>\n<p>\u00cenconjura\u021bi-v\u0103 cu c\u0103ldur\u0103 \u0219i lux \u00een serile reci cu aceast\u0103 cuvertur\u0103\/p\u0103tur\u0103 gofrat\u0103. Fie c\u0103 v\u0103 relaxa\u021bi \u00een confortul propriului pat sau pe canapea, aceast\u0103 cuvertur\u0103 v\u0103 ofer\u0103 o senza\u021bie de bine \u0219i c\u0103ldur\u0103.<\/p>\n<p>Ad\u0103uga\u021bi ast\u0103zi aceast\u0103 cuvertur\u0103\/p\u0103tur\u0103 \u00een co\u0219ul dvs. \u0219i experimenta\u021bi un nivel \u00eenalt de confort \u0219i elegan\u021b\u0103 \u00een serile reci.<\/p>\n<\/div>\n<\/div>\n<\/div>\n<div class=\"flex justify-between empty:hidden gizmo:justify-start gizmo:gap-3 lg:block gizmo:lg:flex\">\n<div class=\"text-gray-400 flex self-end lg:self-center justify-center gizmo:lg:justify-start mt-2 gizmo:mt-0 visible lg:gap-1 lg:absolute lg:top-0 lg:translate-x-full lg:right-0 lg:mt-0 lg:pl-2 gap-2 md:gap-3\"><\/div>\n<\/div>\n<\/div>\n<\/div>\n<\/div>\n<\/div>\n<\/div>\n<\/div>\n<\/div>\n<\/div>\n<\/div>",
        "protected": false
    },
    "excerpt": {
        "rendered": "<p>\u00cenvele\u0219te-v\u0103 \u00een confort \u0219i c\u0103ldur\u0103 \u00een serile reci de toamn\u0103 sau iarn\u0103 cu cuvertura\/p\u0103tur\u0103 gofrat\u0103 de 180&#215;200 cm. Aceast\u0103 p\u0103tur\u0103 ofer\u0103 o senza\u021bie extrem de pl\u0103cut\u0103 la atingere \u0219i este ambalat\u0103 ca un cadou perfect pentru a v\u0103 r\u0103sf\u0103\u021ba sau pentru a oferi cuiva o experien\u021b\u0103 deosebit\u0103. Caracteristici cheie: C\u0103ldur\u0103 \u0219i Confort: Cuvertura\/p\u0103tura gofrat\u0103 este [&hellip;]<\/p>",
        "protected": false
    },
    "featured_media": 25106,
    "comment_status": "open",
    "ping_status": "closed",
    "template": "",
    "meta": [],
    "product_brand": [],
    "product_cat": [
        15
    ],
    "product_tag": [],
    "class_list": {
        "0": "post-25109",
        "1": "product",
        "2": "type-product",
        "3": "status-publish",
        "4": "has-post-thumbnail",
        "6": "product_cat-uncategorized",
        "8": "first",
        "9": "instock",
        "10": "shipping-taxable",
        "11": "purchasable",
        "12": "product-type-simple"
    },
    "_links": {
        "self": [
            {
                "href": "https:\/\/textil.md\/ru\/index.php?rest_route=\/wp\/v2\/product\/25109",
                "targetHints": {
                    "allow": [
                        "GET"
                    ]
                }
            }
        ],
        "collection": [
            {
                "href": "https:\/\/textil.md\/ru\/index.php?rest_route=\/wp\/v2\/product"
            }
        ],
        "about": [
            {
                "href": "https:\/\/textil.md\/ru\/index.php?rest_route=\/wp\/v2\/types\/product"
            }
        ],
        "replies": [
            {
                "embeddable": true,
                "href": "https:\/\/textil.md\/ru\/index.php?rest_route=%2Fwp%2Fv2%2Fcomments&post=25109"
            }
        ],
        "wp:featuredmedia": [
            {
                "embeddable": true,
                "href": "https:\/\/textil.md\/ru\/index.php?rest_route=\/wp\/v2\/media\/25106"
            }
        ],
        "wp:attachment": [
            {
                "href": "https:\/\/textil.md\/ru\/index.php?rest_route=%2Fwp%2Fv2%2Fmedia&parent=25109"
            }
        ],
        "wp:term": [
            {
                "taxonomy": "product_brand",
                "embeddable": true,
                "href": "https:\/\/textil.md\/ru\/index.php?rest_route=%2Fwp%2Fv2%2Fproduct_brand&post=25109"
            },
            {
                "taxonomy": "product_cat",
                "embeddable": true,
                "href": "https:\/\/textil.md\/ru\/index.php?rest_route=%2Fwp%2Fv2%2Fproduct_cat&post=25109"
            },
            {
                "taxonomy": "product_tag",
                "embeddable": true,
                "href": "https:\/\/textil.md\/ru\/index.php?rest_route=%2Fwp%2Fv2%2Fproduct_tag&post=25109"
            }
        ],
        "curies": [
            {
                "name": "wp",
                "href": "https:\/\/api.w.org\/{rel}",
                "templated": true
            }
        ]
    }
}