{
    "id": 25110,
    "date": "2023-10-26T14:55:56",
    "date_gmt": "2023-10-26T11:55:56",
    "guid": {
        "rendered": "https:\/\/textil.md\/?post_type=product&#038;p=25110"
    },
    "modified": "2025-07-27T14:02:32",
    "modified_gmt": "2025-07-27T11:02:32",
    "slug": "1",
    "status": "publish",
    "type": "product",
    "link": "https:\/\/textil.md\/ru\/?product=1",
    "title": {
        "rendered": "Prosop de buc\u0103t\u0103rie 42*75 cm, 100% bumbac"
    },
    "content": {
        "rendered": "<div class=\"flex-1 overflow-hidden\">\n<div class=\"react-scroll-to-bottom--css-vldml-79elbk h-full\">\n<div class=\"react-scroll-to-bottom--css-vldml-1n7m0yu\">\n<div class=\"flex flex-col pb-9 text-sm\">\n<div class=\"w-full text-token-text-primary\" data-testid=\"conversation-turn-7\">\n<div class=\"px-4 py-2 justify-center text-base md:gap-6 m-auto\">\n<div class=\"flex flex-1 text-base mx-auto gap-3 md:px-5 lg:px-1 xl:px-5 md:max-w-3xl lg:max-w-[40rem] xl:max-w-[48rem] } group final-completion\">\n<div class=\"relative flex w-full flex-col lg:w-[calc(100%-115px)] agent-turn\">\n<div class=\"flex-col gap-1 md:gap-3\">\n<div class=\"flex flex-grow flex-col max-w-full\">\n<div class=\"min-h-[20px] text-message flex flex-col items-start gap-3 whitespace-pre-wrap break-words [.text-message+&amp;]:mt-5 overflow-x-auto\" data-message-author-role=\"assistant\" data-message-id=\"0dc5c379-c01c-4d93-913f-8126513398ea\">\n<div class=\"markdown prose w-full break-words dark:prose-invert light\">\n<p><strong>Prosop de Buc\u0103t\u0103rie Etnic &#8211; Tradi\u021bie \u00een Fiecare Detaliu<\/strong><\/p>\n<p>\u00ce\u021bi prezent\u0103m prosopul nostru de buc\u0103t\u0103rie cu ornamente na\u021bionale, o pies\u0103 esen\u021bial\u0103 care aduce o not\u0103 de tradi\u021bie \u0219i elegan\u021b\u0103 \u00een inima casei tale. Cu dimensiunile perfecte de 42&#215;75 cm, acest prosop nu este doar practic, ci \u0219i o declara\u021bie de stil pentru buc\u0103t\u0103ria ta.<\/p>\n<p><strong>Calitate Certificat\u0103, Material Natural<\/strong><\/p>\n<p>Realizat din 100% bumbac, prosopul nostru \u00eembin\u0103 confortul cu tradi\u021bia. Certificat de calitate OEKO-TEX 100 \u0219i ISO 9001, acest produs respect\u0103 cele mai \u00eenalte standarde, asigur\u00e2ndu-\u021bi o experien\u021b\u0103 f\u0103r\u0103 griji \u0219i de durat\u0103.<\/p>\n<p><strong>Ornamente Na\u021bionale &#8211; O Pies\u0103 de Art\u0103 \u00een Buc\u0103t\u0103rie<\/strong><\/p>\n<p>Imprimeul cu ornamente na\u021bionale adaug\u0103 un farmec distinct prosopului nostru. Fiecare detaliu este atent creat pentru a aduce \u00een casa ta o not\u0103 de tradi\u021bie \u0219i autenticitate. Culorile rezistente se men\u021bin vii chiar \u0219i dup\u0103 numeroase sp\u0103l\u0103ri, asigur\u00e2ndu-\u021bi c\u0103 prosopul r\u0103m\u00e2ne o pies\u0103 de art\u0103 \u00een buc\u0103t\u0103ria ta.<\/p>\n<p><strong>Absorb\u021bie Ideal\u0103 &#8211; Practic \u0219i Eficient<\/strong><\/p>\n<p>Cu o absorb\u021bie excelent\u0103, prosopul nostru face fa\u021b\u0103 cu brio oric\u0103ror provoc\u0103ri din buc\u0103t\u0103rie. Usuc\u0103 vasele \u0219i m\u00e2inile rapid \u0219i eficient, oferindu-\u021bi totodat\u0103 senza\u021bia pl\u0103cut\u0103 a unui produs de calitate superioar\u0103.<\/p>\n<p><strong>Elegan\u021b\u0103 Prin Simplitate<\/strong><\/p>\n<p>Alege prosopul nostru de buc\u0103t\u0103rie pentru a aduce un strop de elegan\u021b\u0103 \u00een rutina zilnic\u0103. Fiecare utilizare devine o experien\u021b\u0103 pl\u0103cut\u0103, iar tradi\u021bia se contope\u0219te armonios cu func\u021bionalitatea.<\/p>\n<p>Transform\u0103-\u021bi buc\u0103t\u0103ria \u00eentr-un spa\u021biu plin de stil \u0219i personalitate cu prosopul nostru de buc\u0103t\u0103rie cu ornamente na\u021bionale. Comand\u0103 acum \u0219i descoper\u0103 bucuria unui produs de \u00eenalt\u0103 calitate care \u00eembin\u0103 tradi\u021bia cu modernitatea!<\/p>\n<\/div>\n<\/div>\n<\/div>\n<div class=\"mt-1 flex justify-start gap-3 empty:hidden\">\n<div class=\"text-gray-400 flex self-end lg:self-center justify-center lg:justify-start mt-0 gap-1 visible\">\n<p>&nbsp;<\/p>\n<div class=\"flex gap-1\"><\/div>\n<div class=\"flex items-center gap-1.5 text-xs\"><\/div>\n<\/div>\n<\/div>\n<\/div>\n<\/div>\n<\/div>\n<\/div>\n<\/div>\n<\/div>\n<\/div>\n<\/div>\n<\/div>\n<div class=\"w-full pt-2 md:pt-0 dark:border-white\/20 md:border-transparent md:dark:border-transparent md:w-[calc(100%-.5rem)]\">\n<form class=\"stretch mx-2 flex flex-row gap-3 last:mb-2 md:mx-4 md:last:mb-6 lg:mx-auto lg:max-w-2xl xl:max-w-3xl\" action=\"\" data-trp-original-action=\"\">\n<div class=\"relative flex h-full flex-1 items-stretch md:flex-col\">\n<div class=\"flex w-full items-center\"><\/div>\n<\/div>\n<input type=\"hidden\" name=\"trp-form-language\" value=\"ru\"\/><input type=\"hidden\" name=\"trp-form-language\" value=\"ru\"\/><\/form>\n<\/div>",
        "protected": false
    },
    "excerpt": {
        "rendered": "<p>Prosop de Buc\u0103t\u0103rie Etnic &#8211; Tradi\u021bie \u00een Fiecare Detaliu \u00ce\u021bi prezent\u0103m prosopul nostru de buc\u0103t\u0103rie cu ornamente na\u021bionale, o pies\u0103 esen\u021bial\u0103 care aduce o not\u0103 de tradi\u021bie \u0219i elegan\u021b\u0103 \u00een inima casei tale. Cu dimensiunile perfecte de 42&#215;75 cm, acest prosop nu este doar practic, ci \u0219i o declara\u021bie de stil pentru buc\u0103t\u0103ria ta. Calitate [&hellip;]<\/p>",
        "protected": false
    },
    "featured_media": 25111,
    "comment_status": "open",
    "ping_status": "closed",
    "template": "",
    "meta": [],
    "product_brand": [],
    "product_cat": [
        278
    ],
    "product_tag": [],
    "class_list": {
        "0": "post-25110",
        "1": "product",
        "2": "type-product",
        "3": "status-publish",
        "4": "has-post-thumbnail",
        "6": "product_cat-prosoape-de-bucatarie",
        "8": "first",
        "9": "instock",
        "10": "shipping-taxable",
        "11": "purchasable",
        "12": "product-type-simple"
    },
    "_links": {
        "self": [
            {
                "href": "https:\/\/textil.md\/ru\/index.php?rest_route=\/wp\/v2\/product\/25110",
                "targetHints": {
                    "allow": [
                        "GET"
                    ]
                }
            }
        ],
        "collection": [
            {
                "href": "https:\/\/textil.md\/ru\/index.php?rest_route=\/wp\/v2\/product"
            }
        ],
        "about": [
            {
                "href": "https:\/\/textil.md\/ru\/index.php?rest_route=\/wp\/v2\/types\/product"
            }
        ],
        "replies": [
            {
                "embeddable": true,
                "href": "https:\/\/textil.md\/ru\/index.php?rest_route=%2Fwp%2Fv2%2Fcomments&post=25110"
            }
        ],
        "wp:featuredmedia": [
            {
                "embeddable": true,
                "href": "https:\/\/textil.md\/ru\/index.php?rest_route=\/wp\/v2\/media\/25111"
            }
        ],
        "wp:attachment": [
            {
                "href": "https:\/\/textil.md\/ru\/index.php?rest_route=%2Fwp%2Fv2%2Fmedia&parent=25110"
            }
        ],
        "wp:term": [
            {
                "taxonomy": "product_brand",
                "embeddable": true,
                "href": "https:\/\/textil.md\/ru\/index.php?rest_route=%2Fwp%2Fv2%2Fproduct_brand&post=25110"
            },
            {
                "taxonomy": "product_cat",
                "embeddable": true,
                "href": "https:\/\/textil.md\/ru\/index.php?rest_route=%2Fwp%2Fv2%2Fproduct_cat&post=25110"
            },
            {
                "taxonomy": "product_tag",
                "embeddable": true,
                "href": "https:\/\/textil.md\/ru\/index.php?rest_route=%2Fwp%2Fv2%2Fproduct_tag&post=25110"
            }
        ],
        "curies": [
            {
                "name": "wp",
                "href": "https:\/\/api.w.org\/{rel}",
                "templated": true
            }
        ]
    }
}