{
    "id": 25118,
    "date": "2023-10-26T15:27:37",
    "date_gmt": "2023-10-26T12:27:37",
    "guid": {
        "rendered": "https:\/\/textil.md\/?post_type=product&#038;p=25118"
    },
    "modified": "2024-01-09T00:00:01",
    "modified_gmt": "2024-01-08T21:00:01",
    "slug": "cos-pentru-perna-5070cm",
    "status": "publish",
    "type": "product",
    "link": "https:\/\/textil.md\/ru\/?product=cos-pentru-perna-5070cm",
    "title": {
        "rendered": "Co\u0219 pentru pern\u0103 50*70cm"
    },
    "content": {
        "rendered": "<p>Upgrade-\u021bi pernele preferate cu ajutorul co\u0219ului nostru pentru pern\u0103 din 100% bumbac, conceput pentru a \u00eenlocui \u00eenveli\u0219ul vechi, dar p\u0103str\u00e2nd umplutura existent\u0103, fie c\u0103 este vorba de silicon fibr\u0103 sau pan\u0103 natural\u0103.<\/p>\n<p><strong>Caracteristici cheie:<\/strong><\/p>\n<ul>\n<li><strong>\u00cemprosp\u0103tare Instantanee:<\/strong> Co\u0219ul pentru pern\u0103 v\u0103 permite s\u0103 \u00eemprosp\u0103ta\u021bi pernele existente, \u00eenlocuind \u00eenveli\u0219ul vechi cu unul nou \u0219i curat. Astfel, ve\u021bi reda pernelor aspectul \u0219i confortul de odinioar\u0103.<\/li>\n<li><strong>Material de \u00cenalt\u0103 Calitate:<\/strong> Fabricat din 100% bumbac, co\u0219ul este moale la atingere \u0219i ofer\u0103 un \u00eenveli\u0219 proasp\u0103t \u0219i confortabil pentru perna dvs. Fiecare noapte de somn va fi un adev\u0103rat r\u0103sf\u0103\u021b pentru g\u00e2t \u0219i cap.<\/li>\n<li><strong>Dimensiuni Potrivite:<\/strong> Co\u0219ul este proiectat pentru a se potrivi pernelor cu dimensiuni de 50&#215;70 cm, oferindu-v\u0103 op\u021biunea de a v\u0103 actualiza confortul somnului.<\/li>\n<li><strong>Economisi\u021bi Timp \u0219i Bani:<\/strong> \u00cen loc s\u0103 \u00eenlocui\u021bi \u00eentreaga pern\u0103, pute\u021bi economisi timp \u0219i bani, \u00eenlocuind doar \u00eenveli\u0219ul. Acest lucru este nu doar practic, ci \u0219i ecologic.<\/li>\n<li><strong>U\u0219or de \u00centre\u021binut:<\/strong> Cur\u0103\u021barea \u0219i \u00eentre\u021binerea co\u0219ului sunt simple. Pute\u021bi sp\u0103la co\u0219ul la ma\u0219ina de sp\u0103lat, ceea ce v\u0103 face via\u021ba mai u\u0219oar\u0103.<\/li>\n<\/ul>\n<p>Upgrada\u021bi pernele dvs. preferate \u0219i reda\u021bi-le str\u0103lucirea cu co\u0219ul nostru pentru pern\u0103 din bumbac. Aceast\u0103 solu\u021bie simpl\u0103 \u0219i economic\u0103 v\u0103 permite s\u0103 v\u0103 bucura\u021bi de confortul unor perne proaspete \u0219i curate, f\u0103r\u0103 a \u00eenlocui umplutura.<\/p>\n<p>Ad\u0103uga\u021bi ast\u0103zi co\u0219ul pentru pern\u0103 \u00een co\u0219ul dvs. \u0219i transforma\u021bi vechea pern\u0103 \u00eentr-o comoar\u0103 a confortului.<\/p>",
        "protected": false
    },
    "excerpt": {
        "rendered": "<p>Upgrade-\u021bi pernele preferate cu ajutorul co\u0219ului nostru pentru pern\u0103 din 100% bumbac, conceput pentru a \u00eenlocui \u00eenveli\u0219ul vechi, dar p\u0103str\u00e2nd umplutura existent\u0103, fie c\u0103 este vorba de silicon fibr\u0103 sau pan\u0103 natural\u0103. Caracteristici cheie: \u00cemprosp\u0103tare Instantanee: Co\u0219ul pentru pern\u0103 v\u0103 permite s\u0103 \u00eemprosp\u0103ta\u021bi pernele existente, \u00eenlocuind \u00eenveli\u0219ul vechi cu unul nou \u0219i curat. Astfel, ve\u021bi [&hellip;]<\/p>",
        "protected": false
    },
    "featured_media": 25119,
    "comment_status": "open",
    "ping_status": "closed",
    "template": "",
    "meta": [],
    "product_brand": [],
    "product_cat": [
        272
    ],
    "product_tag": [],
    "class_list": {
        "0": "post-25118",
        "1": "product",
        "2": "type-product",
        "3": "status-publish",
        "4": "has-post-thumbnail",
        "6": "product_cat-perne",
        "8": "first",
        "9": "instock",
        "10": "shipping-taxable",
        "11": "purchasable",
        "12": "product-type-simple"
    },
    "_links": {
        "self": [
            {
                "href": "https:\/\/textil.md\/ru\/index.php?rest_route=\/wp\/v2\/product\/25118",
                "targetHints": {
                    "allow": [
                        "GET"
                    ]
                }
            }
        ],
        "collection": [
            {
                "href": "https:\/\/textil.md\/ru\/index.php?rest_route=\/wp\/v2\/product"
            }
        ],
        "about": [
            {
                "href": "https:\/\/textil.md\/ru\/index.php?rest_route=\/wp\/v2\/types\/product"
            }
        ],
        "replies": [
            {
                "embeddable": true,
                "href": "https:\/\/textil.md\/ru\/index.php?rest_route=%2Fwp%2Fv2%2Fcomments&post=25118"
            }
        ],
        "wp:featuredmedia": [
            {
                "embeddable": true,
                "href": "https:\/\/textil.md\/ru\/index.php?rest_route=\/wp\/v2\/media\/25119"
            }
        ],
        "wp:attachment": [
            {
                "href": "https:\/\/textil.md\/ru\/index.php?rest_route=%2Fwp%2Fv2%2Fmedia&parent=25118"
            }
        ],
        "wp:term": [
            {
                "taxonomy": "product_brand",
                "embeddable": true,
                "href": "https:\/\/textil.md\/ru\/index.php?rest_route=%2Fwp%2Fv2%2Fproduct_brand&post=25118"
            },
            {
                "taxonomy": "product_cat",
                "embeddable": true,
                "href": "https:\/\/textil.md\/ru\/index.php?rest_route=%2Fwp%2Fv2%2Fproduct_cat&post=25118"
            },
            {
                "taxonomy": "product_tag",
                "embeddable": true,
                "href": "https:\/\/textil.md\/ru\/index.php?rest_route=%2Fwp%2Fv2%2Fproduct_tag&post=25118"
            }
        ],
        "curies": [
            {
                "name": "wp",
                "href": "https:\/\/api.w.org\/{rel}",
                "templated": true
            }
        ]
    }
}