{
    "id": 25625,
    "date": "2023-12-04T14:34:24",
    "date_gmt": "2023-12-04T11:34:24",
    "guid": {
        "rendered": "https:\/\/textil.md\/?post_type=product&#038;p=25625"
    },
    "modified": "2023-12-22T15:40:43",
    "modified_gmt": "2023-12-22T12:40:43",
    "slug": "fata-de-masa-144265-cm",
    "status": "publish",
    "type": "product",
    "link": "https:\/\/textil.md\/ru\/?product=fata-de-masa-144265-cm",
    "title": {
        "rendered": "fa\u021b\u0103 de mas\u0103 144*265 cm"
    },
    "content": {
        "rendered": "<div class=\"flex-1 overflow-hidden\">\n<div class=\"react-scroll-to-bottom--css-rconh-79elbk h-full\">\n<div class=\"react-scroll-to-bottom--css-rconh-1n7m0yu\">\n<div class=\"flex flex-col pb-9 text-sm\">\n<div class=\"w-full text-token-text-primary\" data-testid=\"conversation-turn-7\">\n<div class=\"px-4 py-2 justify-center text-base md:gap-6 m-auto\">\n<div class=\"flex flex-1 text-base mx-auto gap-3 md:px-5 lg:px-1 xl:px-5 md:max-w-3xl lg:max-w-[40rem] xl:max-w-[48rem] } group final-completion\">\n<div class=\"relative flex w-full flex-col lg:w-[calc(100%-115px)] agent-turn\">\n<div class=\"flex-col gap-1 md:gap-3\">\n<div class=\"flex flex-grow flex-col max-w-full\">\n<div class=\"min-h-[20px] text-message flex flex-col items-start gap-3 whitespace-pre-wrap break-words [.text-message+&amp;]:mt-5 overflow-x-auto\" data-message-author-role=\"assistant\" data-message-id=\"c46f3f68-5674-47fc-9755-0ed8e3cf5389\">\n<div class=\"markdown prose w-full break-words dark:prose-invert light\">\n<p><strong>Transform\u0103-\u021bi Spa\u021biul \u00eentr-o Poveste de Cr\u0103ciun cu Fa\u021ba de Mas\u0103 Grand Christmas<\/strong><\/p>\n<p>Cu dimensiunile sale impresionante de 144&#215;265 cm, Fa\u021ba de Mas\u0103 Grand Christmas adaug\u0103 o not\u0103 de elegan\u021b\u0103 festiv\u0103 oric\u0103rui eveniment sau spa\u021biu de s\u0103rb\u0103toare. Confec\u021bionat\u0103 cu grij\u0103 din 100% bumbac de \u00eenalt\u0103 calitate, aceast\u0103 fa\u021b\u0103 de mas\u0103 nu doar impresioneaz\u0103 prin m\u0103rime, ci \u0219i prin finisajele sale fine \u0219i pl\u0103cute la atingere.<\/p>\n<p>Calitatea produsului este garantat\u0103 de certificatele de calitate OEKO-TEX 100 \u0219i ISO 9001, asigur\u00e2ndu-te c\u0103 alegi nu doar un obiect decorativ, ci \u0219i unul sigur pentru \u00eentreaga familie.<\/p>\n<p>Imprimeul fermec\u0103tor cu motive de Cr\u0103ciun transform\u0103 orice mas\u0103 \u00eentr-o scen\u0103 desprins\u0103 dintr-un basm. Juc\u0103rii pe crengu\u021be de brad aduc magia s\u0103rb\u0103torilor \u00een casa ta \u00eentr-un mod plin de stil.<\/p>\n<p>Fa\u021ba de Mas\u0103 Grand Christmas este ambalat\u0103 cu grij\u0103 \u00eentr-o cutie stilat\u0103 de tip cadou, gata s\u0103 devin\u0103 un cadou memorabil pentru cei dragi. Este nu doar un obiect util, ci \u0219i o pies\u0103 de decor care va schimba complet atmosfera \u00een fiecare cas\u0103.<\/p>\n<p>Alege s\u0103 faci din fiecare mas\u0103 un eveniment special cu Fa\u021ba de Mas\u0103 Grand Christmas. Cu dimensiunile sale generoase, acest produs este perfect pentru a completa atmosfera festiv\u0103 \u00een s\u0103rb\u0103torile de iarn\u0103 \u0219i pentru a aduce bucurie \u00een casele celor dragi.<\/p>\n<\/div>\n<\/div>\n<\/div>\n<div class=\"mt-1 flex justify-start gap-3 empty:hidden\">\n<div class=\"text-gray-400 flex self-end lg:self-center justify-center lg:justify-start mt-0 gap-1 visible\">\n<p>&nbsp;<\/p>\n<div class=\"flex gap-1\"><\/div>\n<div class=\"flex items-center gap-1.5 text-xs\"><\/div>\n<\/div>\n<\/div>\n<\/div>\n<\/div>\n<\/div>\n<\/div>\n<\/div>\n<\/div>\n<\/div>\n<\/div>\n<\/div>\n<div class=\"w-full pt-2 md:pt-0 dark:border-white\/20 md:border-transparent md:dark:border-transparent md:w-[calc(100%-.5rem)]\">\n<form class=\"stretch mx-2 flex flex-row gap-3 last:mb-2 md:mx-4 md:last:mb-6 lg:mx-auto lg:max-w-2xl xl:max-w-3xl\" action=\"\" data-trp-original-action=\"\">\n<div class=\"relative flex h-full flex-1 items-stretch md:flex-col\">\n<div class=\"flex w-full items-center\"><\/div>\n<\/div>\n<input type=\"hidden\" name=\"trp-form-language\" value=\"ru\"\/><input type=\"hidden\" name=\"trp-form-language\" value=\"ru\"\/><\/form>\n<\/div>",
        "protected": false
    },
    "excerpt": {
        "rendered": "<p>Transform\u0103-\u021bi Spa\u021biul \u00eentr-o Poveste de Cr\u0103ciun cu Fa\u021ba de Mas\u0103 Grand Christmas Cu dimensiunile sale impresionante de 144&#215;265 cm, Fa\u021ba de Mas\u0103 Grand Christmas adaug\u0103 o not\u0103 de elegan\u021b\u0103 festiv\u0103 oric\u0103rui eveniment sau spa\u021biu de s\u0103rb\u0103toare. Confec\u021bionat\u0103 cu grij\u0103 din 100% bumbac de \u00eenalt\u0103 calitate, aceast\u0103 fa\u021b\u0103 de mas\u0103 nu doar impresioneaz\u0103 prin m\u0103rime, ci [&hellip;]<\/p>",
        "protected": false
    },
    "featured_media": 24234,
    "comment_status": "open",
    "ping_status": "closed",
    "template": "",
    "meta": [],
    "product_brand": [],
    "product_cat": [
        283,
        275
    ],
    "product_tag": [],
    "class_list": {
        "0": "post-25625",
        "1": "product",
        "2": "type-product",
        "3": "status-publish",
        "4": "has-post-thumbnail",
        "6": "product_cat-craciun",
        "7": "product_cat-fete-de-masa",
        "9": "first",
        "10": "instock",
        "11": "shipping-taxable",
        "12": "purchasable",
        "13": "product-type-simple"
    },
    "_links": {
        "self": [
            {
                "href": "https:\/\/textil.md\/ru\/index.php?rest_route=\/wp\/v2\/product\/25625",
                "targetHints": {
                    "allow": [
                        "GET"
                    ]
                }
            }
        ],
        "collection": [
            {
                "href": "https:\/\/textil.md\/ru\/index.php?rest_route=\/wp\/v2\/product"
            }
        ],
        "about": [
            {
                "href": "https:\/\/textil.md\/ru\/index.php?rest_route=\/wp\/v2\/types\/product"
            }
        ],
        "replies": [
            {
                "embeddable": true,
                "href": "https:\/\/textil.md\/ru\/index.php?rest_route=%2Fwp%2Fv2%2Fcomments&post=25625"
            }
        ],
        "wp:featuredmedia": [
            {
                "embeddable": true,
                "href": "https:\/\/textil.md\/ru\/index.php?rest_route=\/wp\/v2\/media\/24234"
            }
        ],
        "wp:attachment": [
            {
                "href": "https:\/\/textil.md\/ru\/index.php?rest_route=%2Fwp%2Fv2%2Fmedia&parent=25625"
            }
        ],
        "wp:term": [
            {
                "taxonomy": "product_brand",
                "embeddable": true,
                "href": "https:\/\/textil.md\/ru\/index.php?rest_route=%2Fwp%2Fv2%2Fproduct_brand&post=25625"
            },
            {
                "taxonomy": "product_cat",
                "embeddable": true,
                "href": "https:\/\/textil.md\/ru\/index.php?rest_route=%2Fwp%2Fv2%2Fproduct_cat&post=25625"
            },
            {
                "taxonomy": "product_tag",
                "embeddable": true,
                "href": "https:\/\/textil.md\/ru\/index.php?rest_route=%2Fwp%2Fv2%2Fproduct_tag&post=25625"
            }
        ],
        "curies": [
            {
                "name": "wp",
                "href": "https:\/\/api.w.org\/{rel}",
                "templated": true
            }
        ]
    }
}