{
    "id": 25675,
    "date": "2023-12-11T13:22:51",
    "date_gmt": "2023-12-11T10:22:51",
    "guid": {
        "rendered": "https:\/\/textil.md\/?post_type=product&#038;p=25675"
    },
    "modified": "2026-04-27T17:27:46",
    "modified_gmt": "2026-04-27T14:27:46",
    "slug": "sort-de-bucatarie-5975cm-100-bumbac-8",
    "status": "publish",
    "type": "product",
    "link": "https:\/\/textil.md\/ru\/?product=sort-de-bucatarie-5975cm-100-bumbac-8",
    "title": {
        "rendered": "\u0218or\u021b de buc\u0103t\u0103rie 59*75cm, 100% bumbac"
    },
    "content": {
        "rendered": "<div class=\"flex-1 overflow-hidden\">\n<div class=\"react-scroll-to-bottom--css-pzhqp-79elbk h-full\">\n<div class=\"react-scroll-to-bottom--css-pzhqp-1n7m0yu\">\n<div class=\"flex flex-col pb-9 text-sm\">\n<div class=\"w-full text-token-text-primary\" data-testid=\"conversation-turn-19\">\n<div class=\"px-4 py-2 justify-center text-base md:gap-6 m-auto\">\n<div class=\"flex flex-1 text-base mx-auto gap-3 md:px-5 lg:px-1 xl:px-5 md:max-w-3xl lg:max-w-[40rem] xl:max-w-[48rem] } group final-completion\">\n<div class=\"relative flex w-full flex-col lg:w-[calc(100%-115px)] agent-turn\">\n<div class=\"flex-col gap-1 md:gap-3\">\n<div class=\"flex flex-grow flex-col max-w-full\">\n<div class=\"min-h-[20px] text-message flex flex-col items-start gap-3 whitespace-pre-wrap break-words [.text-message+&amp;]:mt-5 overflow-x-auto\" data-message-author-role=\"assistant\" data-message-id=\"a311c4ba-18ad-42a5-b61b-8d38eb4bce6d\">\n<div class=\"markdown prose w-full break-words dark:prose-invert light\">\n<p>Introduce\u021bi elegan\u021ba \u00een buc\u0103t\u0103ria dvs. cu noul nostru \u0219or\u021b de buc\u0103t\u0103rie, o combina\u021bie perfect\u0103 de func\u021bionalitate \u0219i rafinament. Cu dimensiunile sale ideale de 59&#215;75 cm \u0219i confec\u021bionat exclusiv din 100% bumbac, acest \u0219or\u021b aduce un plus de confort \u0219i stil \u00een fiecare moment petrecut \u00een buc\u0103t\u0103rie.<\/p>\n<p>Certificat de calitate OEKO-TEX 100 \u0219i ISO 9001, garant\u0103m c\u0103 acest \u0219or\u021b nu doar \u00ee\u021bi va proteja hainele, ci \u0219i respect\u0103 cele mai \u00eenalte standarde de calitate \u0219i siguran\u021b\u0103. Materialul moale de bumbac ofer\u0103 o senza\u021bie pl\u0103cut\u0103 la atingere, asigur\u00e2nd o experien\u021b\u0103 de g\u0103tit f\u0103r\u0103 griji.<\/p>\n<p>Cu un imprimeu impecabil de maci ro\u0219ii, acest \u0219or\u021b devine nu doar un accesoriu util, ci \u0219i o expresie a personalit\u0103\u021bii tale \u00een buc\u0103t\u0103rie. Detaliile fine ale florilor vor aduce un farmec aparte \u0219i o not\u0103 de prospe\u021bime \u00een spa\u021biul de g\u0103tit.<\/p>\n<p>Protejeaz\u0103-\u021bi hainele cu stil \u0219i bucur\u0103-te de frumuse\u021bea fiec\u0103rui detaliu al acestui \u0219or\u021b cu imprimeu de maci ro\u0219ii. Alege func\u021bionalitatea \u0219i elegan\u021ba cu \u0219or\u021bul nostru de buc\u0103t\u0103rie, transform\u00e2nd g\u0103titul \u00eentr-o experien\u021b\u0103 plin\u0103 de savoare \u0219i stil.<\/p>\n<\/div>\n<\/div>\n<\/div>\n<\/div>\n<\/div>\n<\/div>\n<\/div>\n<\/div>\n<\/div>\n<\/div>\n<\/div>\n<\/div>",
        "protected": false
    },
    "excerpt": {
        "rendered": "<p>Introduce\u021bi elegan\u021ba \u00een buc\u0103t\u0103ria dvs. cu noul nostru \u0219or\u021b de buc\u0103t\u0103rie, o combina\u021bie perfect\u0103 de func\u021bionalitate \u0219i rafinament. Cu dimensiunile sale ideale de 59&#215;75 cm \u0219i confec\u021bionat exclusiv din 100% bumbac, acest \u0219or\u021b aduce un plus de confort \u0219i stil \u00een fiecare moment petrecut \u00een buc\u0103t\u0103rie. Certificat de calitate OEKO-TEX 100 \u0219i ISO 9001, garant\u0103m [&hellip;]<\/p>",
        "protected": false
    },
    "featured_media": 25661,
    "comment_status": "open",
    "ping_status": "closed",
    "template": "",
    "meta": [],
    "product_brand": [],
    "product_cat": [
        277,
        260
    ],
    "product_tag": [],
    "class_list": {
        "0": "post-25675",
        "1": "product",
        "2": "type-product",
        "3": "status-publish",
        "4": "has-post-thumbnail",
        "6": "product_cat-sorturi-de-bucatarie",
        "7": "product_cat-textile-bucatarie",
        "9": "first",
        "10": "instock",
        "11": "shipping-taxable",
        "12": "purchasable",
        "13": "product-type-simple"
    },
    "_links": {
        "self": [
            {
                "href": "https:\/\/textil.md\/ru\/index.php?rest_route=\/wp\/v2\/product\/25675",
                "targetHints": {
                    "allow": [
                        "GET"
                    ]
                }
            }
        ],
        "collection": [
            {
                "href": "https:\/\/textil.md\/ru\/index.php?rest_route=\/wp\/v2\/product"
            }
        ],
        "about": [
            {
                "href": "https:\/\/textil.md\/ru\/index.php?rest_route=\/wp\/v2\/types\/product"
            }
        ],
        "replies": [
            {
                "embeddable": true,
                "href": "https:\/\/textil.md\/ru\/index.php?rest_route=%2Fwp%2Fv2%2Fcomments&post=25675"
            }
        ],
        "wp:featuredmedia": [
            {
                "embeddable": true,
                "href": "https:\/\/textil.md\/ru\/index.php?rest_route=\/wp\/v2\/media\/25661"
            }
        ],
        "wp:attachment": [
            {
                "href": "https:\/\/textil.md\/ru\/index.php?rest_route=%2Fwp%2Fv2%2Fmedia&parent=25675"
            }
        ],
        "wp:term": [
            {
                "taxonomy": "product_brand",
                "embeddable": true,
                "href": "https:\/\/textil.md\/ru\/index.php?rest_route=%2Fwp%2Fv2%2Fproduct_brand&post=25675"
            },
            {
                "taxonomy": "product_cat",
                "embeddable": true,
                "href": "https:\/\/textil.md\/ru\/index.php?rest_route=%2Fwp%2Fv2%2Fproduct_cat&post=25675"
            },
            {
                "taxonomy": "product_tag",
                "embeddable": true,
                "href": "https:\/\/textil.md\/ru\/index.php?rest_route=%2Fwp%2Fv2%2Fproduct_tag&post=25675"
            }
        ],
        "curies": [
            {
                "name": "wp",
                "href": "https:\/\/api.w.org\/{rel}",
                "templated": true
            }
        ]
    }
}