{
    "id": 25723,
    "date": "2023-12-15T11:00:35",
    "date_gmt": "2023-12-15T08:00:35",
    "guid": {
        "rendered": "https:\/\/textil.md\/?post_type=product&#038;p=25723"
    },
    "modified": "2023-12-27T14:49:10",
    "modified_gmt": "2023-12-27T11:49:10",
    "slug": "set-lenjerie-de-pat-euro-240220-cm-100-bumbac-3",
    "status": "publish",
    "type": "product",
    "link": "https:\/\/textil.md\/ru\/?product=set-lenjerie-de-pat-euro-240220-cm-100-bumbac-3",
    "title": {
        "rendered": "Set lenjerie de pat euro 240*220 cm, 100% bumbac"
    },
    "content": {
        "rendered": "<div class=\"flex-1 overflow-hidden\">\n<div class=\"react-scroll-to-bottom--css-pylca-79elbk h-full\">\n<div class=\"react-scroll-to-bottom--css-pylca-1n7m0yu\">\n<div class=\"flex flex-col pb-9 text-sm\">\n<div class=\"w-full text-token-text-primary\" data-testid=\"conversation-turn-11\">\n<div class=\"px-4 py-2 justify-center text-base md:gap-6 m-auto\">\n<div class=\"flex flex-1 text-base mx-auto gap-3 md:px-5 lg:px-1 xl:px-5 md:max-w-3xl lg:max-w-[40rem] xl:max-w-[48rem] group final-completion\">\n<div class=\"relative flex w-full flex-col lg:w-[calc(100%-115px)] agent-turn\">\n<div class=\"flex-col gap-1 md:gap-3\">\n<div class=\"flex flex-grow flex-col max-w-full\">\n<div class=\"min-h-[20px] text-message flex flex-col items-start gap-3 whitespace-pre-wrap break-words [.text-message+&amp;]:mt-5 overflow-x-auto\" data-message-author-role=\"assistant\" data-message-id=\"56cde3d3-70fa-4cc5-8169-2430d63e5b0a\">\n<div class=\"markdown prose w-full break-words dark:prose-invert light\">\n<p><strong>Descoper\u0103 Elegan\u021ba \u0219i Refined Comfort: Setul de Lenjerie de Pat Euro cu Imprimare Floral\u0103 de M\u0103rar<\/strong><\/p>\n<p>Revitalizeaz\u0103 spa\u021biul t\u0103u personal cu noul nostru set de lenjerie de pat euro, un tribut adus rafinamentului \u0219i confortului deopotriv\u0103, fabricat cu grij\u0103 \u00een Republica Moldova.<\/p>\n<p><strong>Dimensiuni Perfecte \u0219i Versatilitate Personalizat\u0103<\/strong><\/p>\n<p>Cu un cear\u0219af de pat de generoase dimensiuni 240x220cm, un cear\u0219af de plapum\u0103 de 200x215cm \u0219i dou\u0103 fe\u021be de pern\u0103 de 70x70cm, acest set \u00eembr\u0103\u021bi\u0219eaz\u0103 cu elegan\u021b\u0103 orice dimensiune de pat. \u00cen plus, fe\u021bele de pern\u0103 pot fi adaptate la dimensiunile pernelor preferate, indiferent dac\u0103 sunt de 70x70cm sau 50x70cm.<\/p>\n<p><strong>Calitate Superioar\u0103 Certificat\u0103<\/strong><\/p>\n<p>Certificat conform standardelor riguroase OEKO-TEX 100 \u0219i ISO 9001, setul nostru de lenjerie de pat garanteaz\u0103 nu doar confort, ci \u0219i siguran\u021b\u0103 pentru pielea ta. Fabricat din 100% bumbac, ofer\u0103 o senza\u021bie delicat\u0103 \u0219i natural\u0103 pe tot parcursul nop\u021bii.<\/p>\n<p><strong>Imprimare Delicat\u0103: Flori de M\u0103rar pe Fond Gri<\/strong><\/p>\n<p>Experimenteaz\u0103 armonia subtil\u0103 a naturii cu imprimeul nostru distinctiv de flori de m\u0103rar pe un fundal elegant gri. Fiecare detaliu este realizat cu grij\u0103, iar aceast\u0103 imprimare r\u0103m\u00e2ne vie \u0219i proasp\u0103t\u0103 chiar \u0219i dup\u0103 numeroase sp\u0103l\u0103ri, oferind un farmec durabil.<\/p>\n<p><strong>Design Bifacial: Un Delicat Roz-Pal \u0219i un Elegent Gri<\/strong><\/p>\n<p>Cear\u0219afurile de plapum\u0103 bifaciale adaug\u0103 versatilitate setului. Un capitol este \u00eentr-o nuan\u021b\u0103 delicat\u0103 de roz-pal, \u00een timp ce cel\u0103lalt eman\u0103 elegan\u021b\u0103 \u00eentr-un gri subtil. Transform\u0103-\u021bi patul \u00eentr-un sanctuar de confort \u0219i stil.<\/p>\n<p><strong>Fabricat cu M\u00e2ndrie \u00een Republica Moldova<\/strong><\/p>\n<p>Creat cu pricepere \u0219i aten\u021bie la detalii, setul nostru reflect\u0103 m\u00e2ndria \u0219i tradi\u021bia manufacturierilor din Republica Moldova. Alege calitatea \u0219i expertiza pentru un dormitor des\u0103v\u00e2r\u0219it.<\/p>\n<p><strong>Cadoul Ideal pentru Cei Dragi<\/strong><\/p>\n<p>Setul nostru de lenjerie de pat euro este cadoul ideal pentru cei dragi. Ofer\u0103-le o experien\u021b\u0103 de somn luxoas\u0103 \u0219i personalizat\u0103, subliniat\u0103 de farmecul florilor de m\u0103rar.<\/p>\n<p>Transform\u0103-\u021bi dormitorul \u00eentr-un spa\u021biu de relaxare cu setul nostru de lenjerie de pat euro. Cu designul s\u0103u sofisticat \u0219i calitatea incontestabil\u0103, acesta adaug\u0103 o not\u0103 de rafinament fiec\u0103rei nop\u021bi de odihn\u0103.<\/p>\n<\/div>\n<\/div>\n<\/div>\n<div class=\"mt-1 flex justify-start gap-3 empty:hidden\">\n<div class=\"text-gray-400 flex self-end lg:self-center justify-center lg:justify-start mt-0 gap-1 visible\"><button class=\"flex items-center gap-1.5 rounded-md p-1 pl-0 text-xs hover:text-gray-950 dark:text-gray-400 dark:hover:text-gray-200 disabled:dark:hover:text-gray-400 md:invisible md:group-hover:visible md:group-[.final-completion]:visible\"><\/button><\/p>\n<div class=\"flex gap-1\"><\/div>\n<div class=\"flex items-center gap-1.5 text-xs\"><\/div>\n<\/div>\n<\/div>\n<\/div>\n<\/div>\n<\/div>\n<\/div>\n<\/div>\n<\/div>\n<\/div>\n<\/div>\n<\/div>\n<div class=\"w-full pt-2 md:pt-0 dark:border-white\/20 md:border-transparent md:dark:border-transparent md:w-[calc(100%-.5rem)]\">\n<form class=\"stretch mx-2 flex flex-row gap-3 last:mb-2 md:mx-4 md:last:mb-6 lg:mx-auto lg:max-w-2xl xl:max-w-3xl\" action=\"\" data-trp-original-action=\"\">\n<div class=\"relative flex h-full flex-1 items-stretch md:flex-col\">\n<div class=\"flex w-full items-center\"><\/div>\n<\/div>\n<input type=\"hidden\" name=\"trp-form-language\" value=\"ru\"\/><input type=\"hidden\" name=\"trp-form-language\" value=\"ru\"\/><\/form>\n<\/div>",
        "protected": false
    },
    "excerpt": {
        "rendered": "<p>Descoper\u0103 Elegan\u021ba \u0219i Refined Comfort: Setul de Lenjerie de Pat Euro cu Imprimare Floral\u0103 de M\u0103rar Revitalizeaz\u0103 spa\u021biul t\u0103u personal cu noul nostru set de lenjerie de pat euro, un tribut adus rafinamentului \u0219i confortului deopotriv\u0103, fabricat cu grij\u0103 \u00een Republica Moldova. Dimensiuni Perfecte \u0219i Versatilitate Personalizat\u0103 Cu un cear\u0219af de pat de generoase dimensiuni [&hellip;]<\/p>",
        "protected": false
    },
    "featured_media": 25724,
    "comment_status": "open",
    "ping_status": "closed",
    "template": "",
    "meta": [],
    "product_brand": [],
    "product_cat": [
        269,
        295
    ],
    "product_tag": [],
    "class_list": {
        "0": "post-25723",
        "1": "product",
        "2": "type-product",
        "3": "status-publish",
        "4": "has-post-thumbnail",
        "6": "product_cat-lenjerie-de-pat-lenjerie-de-pat",
        "7": "product_cat-lenjerie-de-pat-euro",
        "9": "first",
        "10": "instock",
        "11": "shipping-taxable",
        "12": "purchasable",
        "13": "product-type-simple"
    },
    "_links": {
        "self": [
            {
                "href": "https:\/\/textil.md\/ru\/index.php?rest_route=\/wp\/v2\/product\/25723",
                "targetHints": {
                    "allow": [
                        "GET"
                    ]
                }
            }
        ],
        "collection": [
            {
                "href": "https:\/\/textil.md\/ru\/index.php?rest_route=\/wp\/v2\/product"
            }
        ],
        "about": [
            {
                "href": "https:\/\/textil.md\/ru\/index.php?rest_route=\/wp\/v2\/types\/product"
            }
        ],
        "replies": [
            {
                "embeddable": true,
                "href": "https:\/\/textil.md\/ru\/index.php?rest_route=%2Fwp%2Fv2%2Fcomments&post=25723"
            }
        ],
        "wp:featuredmedia": [
            {
                "embeddable": true,
                "href": "https:\/\/textil.md\/ru\/index.php?rest_route=\/wp\/v2\/media\/25724"
            }
        ],
        "wp:attachment": [
            {
                "href": "https:\/\/textil.md\/ru\/index.php?rest_route=%2Fwp%2Fv2%2Fmedia&parent=25723"
            }
        ],
        "wp:term": [
            {
                "taxonomy": "product_brand",
                "embeddable": true,
                "href": "https:\/\/textil.md\/ru\/index.php?rest_route=%2Fwp%2Fv2%2Fproduct_brand&post=25723"
            },
            {
                "taxonomy": "product_cat",
                "embeddable": true,
                "href": "https:\/\/textil.md\/ru\/index.php?rest_route=%2Fwp%2Fv2%2Fproduct_cat&post=25723"
            },
            {
                "taxonomy": "product_tag",
                "embeddable": true,
                "href": "https:\/\/textil.md\/ru\/index.php?rest_route=%2Fwp%2Fv2%2Fproduct_tag&post=25723"
            }
        ],
        "curies": [
            {
                "name": "wp",
                "href": "https:\/\/api.w.org\/{rel}",
                "templated": true
            }
        ]
    }
}