{
    "id": 25742,
    "date": "2023-12-15T15:18:52",
    "date_gmt": "2023-12-15T12:18:52",
    "guid": {
        "rendered": "https:\/\/textil.md\/?post_type=product&#038;p=25742"
    },
    "modified": "2024-07-09T09:34:24",
    "modified_gmt": "2024-07-09T06:34:24",
    "slug": "set",
    "status": "publish",
    "type": "product",
    "link": "https:\/\/textil.md\/ru\/?product=set",
    "title": {
        "rendered": "Set lenjerie de pat euro 215*240cm, ranforse, 100% bumbac"
    },
    "content": {
        "rendered": "<div class=\"flex-1 overflow-hidden\">\n<div class=\"react-scroll-to-bottom--css-pylca-79elbk h-full\">\n<div class=\"react-scroll-to-bottom--css-pylca-1n7m0yu\">\n<div class=\"flex flex-col pb-9 text-sm\">\n<div class=\"w-full text-token-text-primary\" data-testid=\"conversation-turn-23\">\n<div class=\"px-4 py-2 justify-center text-base md:gap-6 m-auto\">\n<div class=\"flex flex-1 text-base mx-auto gap-3 md:px-5 lg:px-1 xl:px-5 md:max-w-3xl lg:max-w-[40rem] xl:max-w-[48rem] group final-completion\">\n<div class=\"relative flex w-full flex-col lg:w-[calc(100%-115px)] agent-turn\">\n<div class=\"flex-col gap-1 md:gap-3\">\n<div class=\"flex flex-grow flex-col max-w-full\">\n<div class=\"min-h-[20px] text-message flex flex-col items-start gap-3 whitespace-pre-wrap break-words [.text-message+&amp;]:mt-5 overflow-x-auto\" data-message-author-role=\"assistant\" data-message-id=\"70e47260-1227-4499-8c90-e660cd9e1003\">\n<div class=\"markdown prose w-full break-words dark:prose-invert light\">\n<p><strong>Creeaz\u0103 Magia S\u0103rb\u0103torilor \u00een Dormitorul T\u0103u: Set de Lenjerie de Pat Euro cu Imprimare de Cr\u0103ciun &#8211; Colec\u021bia S\u0103rb\u0103tori Iarna<\/strong><\/p>\n<p>Adaug\u0103 un strop de farmec s\u0103rb\u0103toresc \u00een dormitorul t\u0103u cu noul nostru set de lenjerie de pat euro din colec\u021bia &#8220;S\u0103rb\u0103tori Iarna&#8221;. Cu dimensiunile sale generoase \u0219i un design cu imprimeu de Cr\u0103ciun, acest set creeaz\u0103 o atmosfer\u0103 magic\u0103 \u00een fiecare camer\u0103.<\/p>\n<p><strong>Dimensiuni Perfecte \u0219i Design Echilibrat<\/strong><\/p>\n<p>Cu un cear\u0219af de pat de 215x240cm, un cear\u0219af de plapum\u0103 de 200x215cm \u0219i dou\u0103 fe\u021be de pern\u0103 de 50x70cm, acest set ofer\u0103 dimensiuni ideale pentru a \u00eembr\u0103\u021bi\u0219a cu elegan\u021b\u0103 orice dimensiune de pat. Imprimarea cu motive de Cr\u0103ciun aduce o not\u0103 festiv\u0103 \u0219i cald\u0103 \u00een dormitorul t\u0103u.<\/p>\n<p><strong>Certificare de Calitate \u0219i Siguran\u021b\u0103<\/strong><\/p>\n<p>Ne asigur\u0103m c\u0103 fiecare set din colec\u021bia &#8220;S\u0103rb\u0103tori Iarna&#8221; respect\u0103 cele mai \u00eenalte standarde de calitate. Certificat conform standardelor OEKO-TEX 100 \u0219i ISO 9001, acest set garanteaz\u0103 at\u00e2t confortul, c\u00e2t \u0219i siguran\u021ba \u00een utilizare.<\/p>\n<p><strong>Imprimare de Cr\u0103ciun pentru O Ambian\u021b\u0103 Feeric\u0103<\/strong><\/p>\n<p>Fiecare detaliu al acestui set a fost creat cu grij\u0103, iar imprimeul de Cr\u0103ciun aduce un z\u00e2mbet pe fa\u021ba ta \u00een fiecare sear\u0103. Transform\u0103-\u021bi dormitorul \u00eentr-un t\u0103r\u00e2m al magiei s\u0103rb\u0103torilor cu aceast\u0103 lenjerie de pat euro deosebit\u0103.<\/p>\n<p><strong>Stofa de Calitate Superioar\u0103 Tip Ranforse<\/strong><\/p>\n<p>Tipul de stof\u0103 ranforse confer\u0103 setului nostru o calitate superioar\u0103 \u0219i o durabilitate remarcabil\u0103. Fiecare atingere este o pl\u0103cere, iar aceast\u0103 alegere de material asigur\u0103 un somn confortabil \u0219i relaxant.<\/p>\n<p><strong>Fabricat cu M\u00e2ndrie \u00een Republica Moldova<\/strong><\/p>\n<p>C\u00e2nd alegi setul nostru de lenjerie de pat euro, alegi calitatea \u0219i m\u00e2ndria manufacturierilor din Republica Moldova. Fiecare cus\u0103tur\u0103 reflect\u0103 tradi\u021bia \u0219i priceperea artizanilor no\u0219tri.<\/p>\n<p><strong>Ambalaj de Tip Cadou pentru Oferirea Perfect\u0103<\/strong><\/p>\n<p>Setul vine ambalat cu grij\u0103, preg\u0103tit s\u0103 fie oferit drept cadou. Este nu doar un set de lenjerie, ci \u0219i o experien\u021b\u0103 feeric\u0103 gata s\u0103 fie \u00eemp\u0103rt\u0103\u0219it\u0103 cu cei dragi.<\/p>\n<p><strong>Colec\u021bie Nou\u0103, Pre\u021b Atractiv<\/strong><\/p>\n<p>Acest set este o bijuterie \u00een cadrul colec\u021biei noastre &#8220;S\u0103rb\u0103tori Iarna&#8221;, care cuprinde 5 seturi cu aceea\u0219i tematic\u0103 festiv\u0103. Cu o calitate impecabil\u0103, acest set ofer\u0103 un raport calitate-pre\u021b excelent pentru un dormitor plin de farmec \u00een timpul s\u0103rb\u0103torilor.<\/p>\n<p>Transform\u0103-\u021bi dormitorul \u00eentr-un col\u021b magic al s\u0103rb\u0103torilor cu setul nostru de lenjerie de pat euro din colec\u021bia &#8220;S\u0103rb\u0103tori Iarna&#8221;. Un cadou perfect sau o \u00eenc\u00e2ntare personal\u0103 pentru a celebra spiritul Cr\u0103ciunului \u0219i al iernii.<\/p>\n<\/div>\n<\/div>\n<\/div>\n<div class=\"mt-1 flex justify-start gap-3 empty:hidden\">\n<div class=\"text-gray-400 flex self-end lg:self-center justify-center lg:justify-start mt-0 gap-1 visible\">\n<p>&nbsp;<\/p>\n<div class=\"flex gap-1\"><\/div>\n<div class=\"flex items-center gap-1.5 text-xs\"><\/div>\n<\/div>\n<\/div>\n<\/div>\n<\/div>\n<\/div>\n<\/div>\n<\/div>\n<\/div>\n<\/div>\n<\/div>\n<\/div>\n<div class=\"w-full pt-2 md:pt-0 dark:border-white\/20 md:border-transparent md:dark:border-transparent md:w-[calc(100%-.5rem)]\">\n<form class=\"stretch mx-2 flex flex-row gap-3 last:mb-2 md:mx-4 md:last:mb-6 lg:mx-auto lg:max-w-2xl xl:max-w-3xl\" action=\"\" data-trp-original-action=\"\">\n<div class=\"relative flex h-full flex-1 items-stretch md:flex-col\">\n<div class=\"flex w-full items-center\"><\/div>\n<\/div>\n<input type=\"hidden\" name=\"trp-form-language\" value=\"ru\"\/><input type=\"hidden\" name=\"trp-form-language\" value=\"ru\"\/><\/form>\n<\/div>",
        "protected": false
    },
    "excerpt": {
        "rendered": "<p>Creeaz\u0103 Magia S\u0103rb\u0103torilor \u00een Dormitorul T\u0103u: Set de Lenjerie de Pat Euro cu Imprimare de Cr\u0103ciun &#8211; Colec\u021bia S\u0103rb\u0103tori Iarna Adaug\u0103 un strop de farmec s\u0103rb\u0103toresc \u00een dormitorul t\u0103u cu noul nostru set de lenjerie de pat euro din colec\u021bia &#8220;S\u0103rb\u0103tori Iarna&#8221;. Cu dimensiunile sale generoase \u0219i un design cu imprimeu de Cr\u0103ciun, acest set [&hellip;]<\/p>",
        "protected": false
    },
    "featured_media": 25743,
    "comment_status": "open",
    "ping_status": "closed",
    "template": "",
    "meta": [],
    "product_brand": [],
    "product_cat": [
        283,
        295
    ],
    "product_tag": [],
    "class_list": {
        "0": "post-25742",
        "1": "product",
        "2": "type-product",
        "3": "status-publish",
        "4": "has-post-thumbnail",
        "6": "product_cat-craciun",
        "7": "product_cat-lenjerie-de-pat-euro",
        "9": "first",
        "10": "instock",
        "11": "shipping-taxable",
        "12": "purchasable",
        "13": "product-type-simple"
    },
    "_links": {
        "self": [
            {
                "href": "https:\/\/textil.md\/ru\/index.php?rest_route=\/wp\/v2\/product\/25742",
                "targetHints": {
                    "allow": [
                        "GET"
                    ]
                }
            }
        ],
        "collection": [
            {
                "href": "https:\/\/textil.md\/ru\/index.php?rest_route=\/wp\/v2\/product"
            }
        ],
        "about": [
            {
                "href": "https:\/\/textil.md\/ru\/index.php?rest_route=\/wp\/v2\/types\/product"
            }
        ],
        "replies": [
            {
                "embeddable": true,
                "href": "https:\/\/textil.md\/ru\/index.php?rest_route=%2Fwp%2Fv2%2Fcomments&post=25742"
            }
        ],
        "wp:featuredmedia": [
            {
                "embeddable": true,
                "href": "https:\/\/textil.md\/ru\/index.php?rest_route=\/wp\/v2\/media\/25743"
            }
        ],
        "wp:attachment": [
            {
                "href": "https:\/\/textil.md\/ru\/index.php?rest_route=%2Fwp%2Fv2%2Fmedia&parent=25742"
            }
        ],
        "wp:term": [
            {
                "taxonomy": "product_brand",
                "embeddable": true,
                "href": "https:\/\/textil.md\/ru\/index.php?rest_route=%2Fwp%2Fv2%2Fproduct_brand&post=25742"
            },
            {
                "taxonomy": "product_cat",
                "embeddable": true,
                "href": "https:\/\/textil.md\/ru\/index.php?rest_route=%2Fwp%2Fv2%2Fproduct_cat&post=25742"
            },
            {
                "taxonomy": "product_tag",
                "embeddable": true,
                "href": "https:\/\/textil.md\/ru\/index.php?rest_route=%2Fwp%2Fv2%2Fproduct_tag&post=25742"
            }
        ],
        "curies": [
            {
                "name": "wp",
                "href": "https:\/\/api.w.org\/{rel}",
                "templated": true
            }
        ]
    }
}