{
    "id": 25765,
    "date": "2023-12-18T11:20:06",
    "date_gmt": "2023-12-18T08:20:06",
    "guid": {
        "rendered": "https:\/\/textil.md\/?post_type=product&#038;p=25765"
    },
    "modified": "2025-12-30T15:59:10",
    "modified_gmt": "2025-12-30T12:59:10",
    "slug": "sort-5",
    "status": "publish",
    "type": "product",
    "link": "https:\/\/textil.md\/ru\/?product=sort-5",
    "title": {
        "rendered": "\u0218or\u021b pentru b\u0103rba\u021bi, 100% bumbac"
    },
    "content": {
        "rendered": "<p>Prezent\u0103m \u0218or\u021bul de Buc\u0103t\u0103rie &#8220;Maestru al Gr\u0103tarului&#8221;, un element esen\u021bial pentru b\u0103rba\u021bii pasiona\u021bi de arta culinar\u0103 \u0219i care se consider\u0103 \u0218EF la buc\u0103t\u0103rie. Cu dimensiuni generoase de 80&#215;90 cm, acest \u0219or\u021b este conceput pentru a oferi acoperire maxim\u0103 \u0219i confort \u00een timpul prepar\u0103rii de delicii culinare.<\/p>\n<p>Realizat \u00een \u00eentregime din bumbac 100%, \u0219or\u021bul asigur\u0103 o experien\u021b\u0103 de purtat pl\u0103cut\u0103 \u0219i respirabil\u0103, fiind ideal pentru sesiunile lungi de g\u0103tit. Culoarea neagr\u0103 confer\u0103 un aspect elegant \u0219i masculin, iar imprimarea de pe \u0219or\u021b adaug\u0103 un strop de umor \u0219i pasiune pentru gr\u0103tar.<\/p>\n<p>Imaginea captivant\u0103 a unui hamburger \u00een plin proces de preg\u0103tire la foc, cu toate ingredientele apetisante precum carne suculent\u0103, ceap\u0103 crocant\u0103, ro\u0219ie proasp\u0103t\u0103, p\u00e2rjoala \u0219i ca\u0219caval delicios, te transport\u0103 \u00een lumea aromelor \u0219i gusturilor excep\u021bionale. Privind acest \u0219or\u021b, \u00ee\u021bi vei sim\u021bi deja pofta cresc\u00e2nd \u0219i vei fi inspirat s\u0103 \u00eencerci noi re\u021bete \u0219i combina\u021bii savuroase.<\/p>\n<p>Certificatul de calitate OEKO-TEX 100 \u0219i ISO 9001 garanteaz\u0103 nu doar aspectul atr\u0103g\u0103tor, ci \u0219i durabilitatea \u0219i siguran\u021ba produsului. Acest \u0219or\u021b nu este doar un accesoriu practic, ci \u0219i o declara\u021bie de stil \u0219i pasiune pentru arta culinar\u0103. Fie c\u0103 e\u0219ti maestru al gr\u0103tarului sau c\u0103 te bucuri de g\u0103tit \u00een buc\u0103t\u0103rie, acest \u0219or\u021b te va \u00eenso\u021bi cu stil \u0219i confort \u00een fiecare aventur\u0103 culinar\u0103.<\/p>",
        "protected": false
    },
    "excerpt": {
        "rendered": "<p>Prezent\u0103m \u0218or\u021bul de Buc\u0103t\u0103rie &#8220;Maestru al Gr\u0103tarului&#8221;, un element esen\u021bial pentru b\u0103rba\u021bii pasiona\u021bi de arta culinar\u0103 \u0219i care se consider\u0103 \u0218EF la buc\u0103t\u0103rie. Cu dimensiuni generoase de 80&#215;90 cm, acest \u0219or\u021b este conceput pentru a oferi acoperire maxim\u0103 \u0219i confort \u00een timpul prepar\u0103rii de delicii culinare. Realizat \u00een \u00eentregime din bumbac 100%, \u0219or\u021bul asigur\u0103 o [&hellip;]<\/p>",
        "protected": false
    },
    "featured_media": 25763,
    "comment_status": "open",
    "ping_status": "closed",
    "template": "",
    "meta": [],
    "product_brand": [],
    "product_cat": [
        277
    ],
    "product_tag": [],
    "class_list": {
        "0": "post-25765",
        "1": "product",
        "2": "type-product",
        "3": "status-publish",
        "4": "has-post-thumbnail",
        "6": "product_cat-sorturi-de-bucatarie",
        "8": "first",
        "9": "instock",
        "10": "shipping-taxable",
        "11": "purchasable",
        "12": "product-type-simple"
    },
    "_links": {
        "self": [
            {
                "href": "https:\/\/textil.md\/ru\/index.php?rest_route=\/wp\/v2\/product\/25765",
                "targetHints": {
                    "allow": [
                        "GET"
                    ]
                }
            }
        ],
        "collection": [
            {
                "href": "https:\/\/textil.md\/ru\/index.php?rest_route=\/wp\/v2\/product"
            }
        ],
        "about": [
            {
                "href": "https:\/\/textil.md\/ru\/index.php?rest_route=\/wp\/v2\/types\/product"
            }
        ],
        "replies": [
            {
                "embeddable": true,
                "href": "https:\/\/textil.md\/ru\/index.php?rest_route=%2Fwp%2Fv2%2Fcomments&post=25765"
            }
        ],
        "wp:featuredmedia": [
            {
                "embeddable": true,
                "href": "https:\/\/textil.md\/ru\/index.php?rest_route=\/wp\/v2\/media\/25763"
            }
        ],
        "wp:attachment": [
            {
                "href": "https:\/\/textil.md\/ru\/index.php?rest_route=%2Fwp%2Fv2%2Fmedia&parent=25765"
            }
        ],
        "wp:term": [
            {
                "taxonomy": "product_brand",
                "embeddable": true,
                "href": "https:\/\/textil.md\/ru\/index.php?rest_route=%2Fwp%2Fv2%2Fproduct_brand&post=25765"
            },
            {
                "taxonomy": "product_cat",
                "embeddable": true,
                "href": "https:\/\/textil.md\/ru\/index.php?rest_route=%2Fwp%2Fv2%2Fproduct_cat&post=25765"
            },
            {
                "taxonomy": "product_tag",
                "embeddable": true,
                "href": "https:\/\/textil.md\/ru\/index.php?rest_route=%2Fwp%2Fv2%2Fproduct_tag&post=25765"
            }
        ],
        "curies": [
            {
                "name": "wp",
                "href": "https:\/\/api.w.org\/{rel}",
                "templated": true
            }
        ]
    }
}