{
    "id": 25826,
    "date": "2023-12-22T18:26:53",
    "date_gmt": "2023-12-22T15:26:53",
    "guid": {
        "rendered": "https:\/\/textil.md\/?post_type=product&#038;p=25826"
    },
    "modified": "2024-10-25T00:02:18",
    "modified_gmt": "2024-10-24T21:02:18",
    "slug": "suport-pentru-bucatarie",
    "status": "publish",
    "type": "product",
    "link": "https:\/\/textil.md\/ru\/?product=suport-pentru-bucatarie",
    "title": {
        "rendered": "set din dou\u0103 m\u0103nu\u0219i de buc\u0103t\u0103rie pentru cuptor 23*23cm, 100% bumbac"
    },
    "content": {
        "rendered": "<div class=\"flex-1 overflow-hidden\">\n<div class=\"react-scroll-to-bottom--css-saobk-79elbk h-full\">\n<div class=\"react-scroll-to-bottom--css-saobk-1n7m0yu\">\n<div class=\"flex flex-col pb-9 text-sm\">\n<div class=\"w-full text-token-text-primary\" data-testid=\"conversation-turn-11\">\n<div class=\"px-4 py-2 justify-center text-base md:gap-6 m-auto\">\n<div class=\"flex flex-1 text-base mx-auto gap-3 md:px-5 lg:px-1 xl:px-5 md:max-w-3xl lg:max-w-[40rem] xl:max-w-[48rem] group final-completion\">\n<div class=\"relative flex w-full flex-col lg:w-[calc(100%-115px)] agent-turn\">\n<div class=\"flex-col gap-1 md:gap-3\">\n<div class=\"flex flex-grow flex-col max-w-full\">\n<div class=\"min-h-[20px] text-message flex flex-col items-start gap-3 whitespace-pre-wrap break-words [.text-message+&amp;]:mt-5 overflow-x-auto\" data-message-author-role=\"assistant\" data-message-id=\"3495bbea-ca74-4f6e-92b2-37ac7cdf4ef0\">\n<div class=\"markdown prose w-full break-words dark:prose-invert light\">\n<p>Introduce\u021bi elegan\u021ba \u0219i func\u021bionalitatea \u00een buc\u0103t\u0103ria dumneavoastr\u0103 cu Setul de dou\u0103 m\u0103nu\u0219i de buc\u0103t\u0103rie pentru cuptor, realizat cu aten\u021bie la detalii \u0219i calitate superioar\u0103. Aceste m\u0103nu\u0219i nu sunt doar utile, ci \u0219i o expresie a rafinamentului \u00een arta culinar\u0103.<\/p>\n<p>Caracteristicile cheie ale acestui set de m\u0103nu\u0219i includ:<\/p>\n<ul>\n<li><strong>Material de \u00eenalt\u0103 calitate:<\/strong> Fabricate din 100% bumbac, m\u0103nu\u0219ile ofer\u0103 o senza\u021bie pl\u0103cut\u0103 la atingere \u0219i sunt durabile \u00een timp. Materialele naturale asigur\u0103 absorb\u021bia eficient\u0103 a c\u0103ldurii, protej\u00e2ndu-v\u0103 m\u00e2inile \u00een timpul manipul\u0103rii obiectelor fierbin\u021bi.<\/li>\n<li><strong>Dimensiuni potrivite:<\/strong> Cu dimensiuni de 23&#215;23 cm, aceste m\u0103nu\u0219i sunt perfecte pentru a v\u0103 oferi acoperirea necesar\u0103 \u00een timp ce lucra\u021bi \u00een buc\u0103t\u0103rie, protej\u00e2ndu-v\u0103 m\u00e2inile de c\u0103ldura excesiv\u0103.<\/li>\n<li><strong>Design elegant:<\/strong> Imprimeul cu floricele mici de culoare roz pe un fundal albastru \u00eenchis adaug\u0103 un aspect stilat \u0219i proasp\u0103t. Aceast\u0103 estetic\u0103 elegant\u0103 aduce un strop de bucurie \u00een buc\u0103t\u0103ria dumneavoastr\u0103 \u0219i transform\u0103 activit\u0103\u021bile obi\u0219nuite \u00een momente de rafinament.<\/li>\n<li><strong>Certificate de calitate:<\/strong> Produsul este certificat conform standardelor OEKO-TEX 100 \u0219i ISO 9001, garant\u00e2nd c\u0103 este fabricat cu cele mai \u00eenalte standarde de calitate \u0219i siguran\u021b\u0103 pentru s\u0103n\u0103tatea dumneavoastr\u0103.<\/li>\n<\/ul>\n<p>Acest set de m\u0103nu\u0219i nu este doar un accesoriu func\u021bional, ci \u0219i o pies\u0103 de design care completeaz\u0103 perfect atmosfera din buc\u0103t\u0103ria dumneavoastr\u0103. Beneficia\u021bi de confort, stil \u0219i calitate cu Setul de dou\u0103 m\u0103nu\u0219i de buc\u0103t\u0103rie pentru cuptor. Comanda\u021bi acum \u0219i ad\u0103uga\u021bi un plus de elegan\u021b\u0103 fiec\u0103rui moment petrecut \u00een buc\u0103t\u0103rie!<\/p>\n<\/div>\n<\/div>\n<\/div>\n<div class=\"mt-1 flex justify-start gap-3 empty:hidden\">\n<div class=\"text-gray-400 flex self-end lg:self-center justify-center lg:justify-start mt-0 gap-1 visible\">\n<p>&nbsp;<\/p>\n<div class=\"flex gap-1\"><\/div>\n<div class=\"flex items-center gap-1.5 text-xs\"><\/div>\n<\/div>\n<\/div>\n<\/div>\n<\/div>\n<\/div>\n<\/div>\n<\/div>\n<\/div>\n<\/div>\n<\/div>\n<\/div>\n<div class=\"w-full pt-2 md:pt-0 dark:border-white\/20 md:border-transparent md:dark:border-transparent md:w-[calc(100%-.5rem)]\">\n<form class=\"stretch mx-2 flex flex-row gap-3 last:mb-2 md:mx-4 md:last:mb-6 lg:mx-auto lg:max-w-2xl xl:max-w-3xl\" action=\"\" data-trp-original-action=\"\">\n<div class=\"relative flex h-full flex-1 items-stretch md:flex-col\">\n<div class=\"flex w-full items-center\"><\/div>\n<\/div>\n<input type=\"hidden\" name=\"trp-form-language\" value=\"ru\"\/><input type=\"hidden\" name=\"trp-form-language\" value=\"ru\"\/><\/form>\n<\/div>",
        "protected": false
    },
    "excerpt": {
        "rendered": "<p>Introduce\u021bi elegan\u021ba \u0219i func\u021bionalitatea \u00een buc\u0103t\u0103ria dumneavoastr\u0103 cu Setul de dou\u0103 m\u0103nu\u0219i de buc\u0103t\u0103rie pentru cuptor, realizat cu aten\u021bie la detalii \u0219i calitate superioar\u0103. Aceste m\u0103nu\u0219i nu sunt doar utile, ci \u0219i o expresie a rafinamentului \u00een arta culinar\u0103. Caracteristicile cheie ale acestui set de m\u0103nu\u0219i includ: Material de \u00eenalt\u0103 calitate: Fabricate din 100% bumbac, [&hellip;]<\/p>",
        "protected": false
    },
    "featured_media": 25827,
    "comment_status": "open",
    "ping_status": "closed",
    "template": "",
    "meta": [],
    "product_brand": [],
    "product_cat": [
        279,
        285
    ],
    "product_tag": [],
    "class_list": {
        "0": "post-25826",
        "1": "product",
        "2": "type-product",
        "3": "status-publish",
        "4": "has-post-thumbnail",
        "6": "product_cat-lenjerie-de-bucatarie-accesorii",
        "7": "product_cat-accesorii",
        "9": "first",
        "10": "instock",
        "11": "shipping-taxable",
        "12": "purchasable",
        "13": "product-type-simple"
    },
    "_links": {
        "self": [
            {
                "href": "https:\/\/textil.md\/ru\/index.php?rest_route=\/wp\/v2\/product\/25826",
                "targetHints": {
                    "allow": [
                        "GET"
                    ]
                }
            }
        ],
        "collection": [
            {
                "href": "https:\/\/textil.md\/ru\/index.php?rest_route=\/wp\/v2\/product"
            }
        ],
        "about": [
            {
                "href": "https:\/\/textil.md\/ru\/index.php?rest_route=\/wp\/v2\/types\/product"
            }
        ],
        "replies": [
            {
                "embeddable": true,
                "href": "https:\/\/textil.md\/ru\/index.php?rest_route=%2Fwp%2Fv2%2Fcomments&post=25826"
            }
        ],
        "wp:featuredmedia": [
            {
                "embeddable": true,
                "href": "https:\/\/textil.md\/ru\/index.php?rest_route=\/wp\/v2\/media\/25827"
            }
        ],
        "wp:attachment": [
            {
                "href": "https:\/\/textil.md\/ru\/index.php?rest_route=%2Fwp%2Fv2%2Fmedia&parent=25826"
            }
        ],
        "wp:term": [
            {
                "taxonomy": "product_brand",
                "embeddable": true,
                "href": "https:\/\/textil.md\/ru\/index.php?rest_route=%2Fwp%2Fv2%2Fproduct_brand&post=25826"
            },
            {
                "taxonomy": "product_cat",
                "embeddable": true,
                "href": "https:\/\/textil.md\/ru\/index.php?rest_route=%2Fwp%2Fv2%2Fproduct_cat&post=25826"
            },
            {
                "taxonomy": "product_tag",
                "embeddable": true,
                "href": "https:\/\/textil.md\/ru\/index.php?rest_route=%2Fwp%2Fv2%2Fproduct_tag&post=25826"
            }
        ],
        "curies": [
            {
                "name": "wp",
                "href": "https:\/\/api.w.org\/{rel}",
                "templated": true
            }
        ]
    }
}