{
    "id": 33574,
    "date": "2024-05-02T09:31:05",
    "date_gmt": "2024-05-02T06:31:05",
    "guid": {
        "rendered": "https:\/\/textil.md\/?post_type=product&#038;p=33574"
    },
    "modified": "2024-05-02T09:34:32",
    "modified_gmt": "2024-05-02T06:34:32",
    "slug": "fata-de-masa-150180cm-100-bumbac-3",
    "status": "publish",
    "type": "product",
    "link": "https:\/\/textil.md\/ru\/?product=fata-de-masa-150180cm-100-bumbac-3",
    "title": {
        "rendered": "Fa\u021b\u0103 de mas\u0103 150*180cm, 100% bumbac"
    },
    "content": {
        "rendered": "<p>\u00cembrac\u0103-\u021bi masa cu o not\u0103 de tradi\u021bie \u0219i elegan\u021b\u0103 autentic\u0103 cu fa\u021ba noastr\u0103 de mas\u0103 din bumbac, ce \u00eembin\u0103 frumuse\u021bea ornamentelor tradi\u021bionale moldovene\u0219ti cu calitatea superioar\u0103 \u0219i aten\u021bia la detalii.<\/p>\n<p>Fabricat\u0103 din bumbac de cea mai \u00eenalt\u0103 calitate, aceast\u0103 fa\u021b\u0103 de mas\u0103 adaug\u0103 un strop de rafinament oric\u0103rui decor. Dimensiunile generoase de 150*180cm sunt ideale pentru o varietate de mese, fie c\u0103 este vorba de pr\u00e2nzuri \u00een familie sau de osp\u0103\u021buri festive.<\/p>\n<p>Cu un ambalaj elegant de tip cadou, aceast\u0103 fa\u021b\u0103 de mas\u0103 este perfect\u0103 pentru a fi oferit\u0103 celor dragi, fiind un gest de apreciere \u0219i rafinament. Certificat\u0103 conform standardelor OEKO-TEX 100 \u0219i ISO 9001, po\u021bi avea \u00eencredere c\u0103 produsul nostru respect\u0103 cele mai \u00eenalte standarde de calitate \u0219i siguran\u021b\u0103 pentru s\u0103n\u0103tatea ta \u0219i a celor dragi.<\/p>\n<p>Fiecare centimetru este atent decorat cu ornamente tradi\u021bionale moldovene\u0219ti, care aduc \u00een prim-plan bogata mo\u0219tenire cultural\u0103 a regiunii. Fiecare mas\u0103 devine astfel o ocazie special\u0103, iar atmosfera \u00eembog\u0103\u021bit\u0103 cu aceste elemente tradi\u021bionale va crea amintiri de neuitat pentru tine \u0219i cei dragi.<\/p>\n<p>\u00cenc\u00e2nt\u0103-\u021bi sim\u021burile \u0219i adaug\u0103 o not\u0103 de tradi\u021bie \u0219i elegan\u021b\u0103 \u00een casa ta cu fa\u021ba noastr\u0103 de mas\u0103 din bumbac, o bijuterie pentru orice interior.<\/p>",
        "protected": false
    },
    "excerpt": {
        "rendered": "<p>\u00cembrac\u0103-\u021bi masa cu o not\u0103 de tradi\u021bie \u0219i elegan\u021b\u0103 autentic\u0103 cu fa\u021ba noastr\u0103 de mas\u0103 din bumbac, ce \u00eembin\u0103 frumuse\u021bea ornamentelor tradi\u021bionale moldovene\u0219ti cu calitatea superioar\u0103 \u0219i aten\u021bia la detalii. Fabricat\u0103 din bumbac de cea mai \u00eenalt\u0103 calitate, aceast\u0103 fa\u021b\u0103 de mas\u0103 adaug\u0103 un strop de rafinament oric\u0103rui decor. Dimensiunile generoase de 150*180cm sunt ideale [&hellip;]<\/p>",
        "protected": false
    },
    "featured_media": 33573,
    "comment_status": "open",
    "ping_status": "closed",
    "template": "",
    "meta": [],
    "product_brand": [],
    "product_cat": [
        275,
        258,
        260
    ],
    "product_tag": [],
    "class_list": {
        "0": "post-33574",
        "1": "product",
        "2": "type-product",
        "3": "status-publish",
        "4": "has-post-thumbnail",
        "6": "product_cat-fete-de-masa",
        "7": "product_cat-produse-pentru-casa",
        "8": "product_cat-textile-bucatarie",
        "10": "first",
        "11": "instock",
        "12": "shipping-taxable",
        "13": "purchasable",
        "14": "product-type-simple"
    },
    "_links": {
        "self": [
            {
                "href": "https:\/\/textil.md\/ru\/index.php?rest_route=\/wp\/v2\/product\/33574",
                "targetHints": {
                    "allow": [
                        "GET"
                    ]
                }
            }
        ],
        "collection": [
            {
                "href": "https:\/\/textil.md\/ru\/index.php?rest_route=\/wp\/v2\/product"
            }
        ],
        "about": [
            {
                "href": "https:\/\/textil.md\/ru\/index.php?rest_route=\/wp\/v2\/types\/product"
            }
        ],
        "replies": [
            {
                "embeddable": true,
                "href": "https:\/\/textil.md\/ru\/index.php?rest_route=%2Fwp%2Fv2%2Fcomments&post=33574"
            }
        ],
        "wp:featuredmedia": [
            {
                "embeddable": true,
                "href": "https:\/\/textil.md\/ru\/index.php?rest_route=\/wp\/v2\/media\/33573"
            }
        ],
        "wp:attachment": [
            {
                "href": "https:\/\/textil.md\/ru\/index.php?rest_route=%2Fwp%2Fv2%2Fmedia&parent=33574"
            }
        ],
        "wp:term": [
            {
                "taxonomy": "product_brand",
                "embeddable": true,
                "href": "https:\/\/textil.md\/ru\/index.php?rest_route=%2Fwp%2Fv2%2Fproduct_brand&post=33574"
            },
            {
                "taxonomy": "product_cat",
                "embeddable": true,
                "href": "https:\/\/textil.md\/ru\/index.php?rest_route=%2Fwp%2Fv2%2Fproduct_cat&post=33574"
            },
            {
                "taxonomy": "product_tag",
                "embeddable": true,
                "href": "https:\/\/textil.md\/ru\/index.php?rest_route=%2Fwp%2Fv2%2Fproduct_tag&post=33574"
            }
        ],
        "curies": [
            {
                "name": "wp",
                "href": "https:\/\/api.w.org\/{rel}",
                "templated": true
            }
        ]
    }
}