{
    "id": 33594,
    "date": "2024-05-02T10:04:28",
    "date_gmt": "2024-05-02T07:04:28",
    "guid": {
        "rendered": "https:\/\/textil.md\/?post_type=product&#038;p=33594"
    },
    "modified": "2024-05-02T10:13:09",
    "modified_gmt": "2024-05-02T07:13:09",
    "slug": "fata-de-masa-150240cm-100-bumbac-8",
    "status": "publish",
    "type": "product",
    "link": "https:\/\/textil.md\/ru\/?product=fata-de-masa-150240cm-100-bumbac-8",
    "title": {
        "rendered": "Fa\u021b\u0103 de mas\u0103 150*240cm, 100% bumbac"
    },
    "content": {
        "rendered": "<p>\u00cembrac\u0103-\u021bi masa \u00een elegan\u021b\u0103 \u0219i tradi\u021bie cu fa\u021ba noastr\u0103 de mas\u0103 din bumbac, o capodoper\u0103 care \u00eembin\u0103 farmecul ornamentelor tradi\u021bionale moldovene\u0219ti cu rafinamentul modern \u0219i calitatea superioar\u0103.<\/p>\n<p>Cu dimensiunile sale de 150*240cm, aceast\u0103 fa\u021b\u0103 de mas\u0103 este perfect\u0103 pentru a completa orice decor, de la mese intime \u00een familie la \u00eent\u00e2lniri festive cu prietenii. Ambalat\u0103 cu grij\u0103 \u00eentr-un ambalaj de tip cadou, aceast\u0103 fa\u021b\u0103 de mas\u0103 devine un cadou ideal pentru cei dragi, reprezent\u00e2nd o expresie autentic\u0103 a aprecierii \u0219i afec\u021biunii.<\/p>\n<p>Certificat\u0103 conform standardelor OEKO-TEX 100 \u0219i ISO 9001, aceast\u0103 fa\u021b\u0103 de mas\u0103 garanteaz\u0103 nu doar elegan\u021b\u0103, ci \u0219i siguran\u021b\u0103 \u0219i calitate superioar\u0103. Fiecare aspect al acestei piese este conceput cu cea mai mare aten\u021bie \u0219i respect fa\u021b\u0103 de mediu \u0219i s\u0103n\u0103tatea dumneavoastr\u0103 \u0219i a celor dragi.<\/p>\n<p>Imprimeul tradi\u021bional moldovenesc, \u00eempreun\u0103 cu floarea de mac ro\u0219u aparent brodat\u0103, aduce o not\u0103 de c\u0103ldur\u0103 \u0219i pasiune oric\u0103rei mese. Fiecare detaliu este o declara\u021bie de frumuse\u021be \u0219i tradi\u021bie, transform\u00e2nd fiecare mas\u0103 \u00eentr-o experien\u021b\u0103 memorabil\u0103.<\/p>\n<p>\u00cembog\u0103\u021bi\u021bi-v\u0103 casa cu elegan\u021b\u0103 \u0219i rafinament, ad\u0103ug\u00e2nd fa\u021ba noastr\u0103 de mas\u0103 din bumbac \u00een colec\u021bia dumneavoastr\u0103. Un cadou perfect pentru a oferi un strop de lux \u0219i tradi\u021bie celor dragi.<\/p>",
        "protected": false
    },
    "excerpt": {
        "rendered": "<p>\u00cembrac\u0103-\u021bi masa \u00een elegan\u021b\u0103 \u0219i tradi\u021bie cu fa\u021ba noastr\u0103 de mas\u0103 din bumbac, o capodoper\u0103 care \u00eembin\u0103 farmecul ornamentelor tradi\u021bionale moldovene\u0219ti cu rafinamentul modern \u0219i calitatea superioar\u0103. Cu dimensiunile sale de 150*240cm, aceast\u0103 fa\u021b\u0103 de mas\u0103 este perfect\u0103 pentru a completa orice decor, de la mese intime \u00een familie la \u00eent\u00e2lniri festive cu prietenii. Ambalat\u0103 [&hellip;]<\/p>",
        "protected": false
    },
    "featured_media": 33589,
    "comment_status": "open",
    "ping_status": "closed",
    "template": "",
    "meta": [],
    "product_brand": [],
    "product_cat": [
        275,
        258,
        260
    ],
    "product_tag": [],
    "class_list": {
        "0": "post-33594",
        "1": "product",
        "2": "type-product",
        "3": "status-publish",
        "4": "has-post-thumbnail",
        "6": "product_cat-fete-de-masa",
        "7": "product_cat-produse-pentru-casa",
        "8": "product_cat-textile-bucatarie",
        "10": "first",
        "11": "instock",
        "12": "shipping-taxable",
        "13": "purchasable",
        "14": "product-type-simple"
    },
    "_links": {
        "self": [
            {
                "href": "https:\/\/textil.md\/ru\/index.php?rest_route=\/wp\/v2\/product\/33594",
                "targetHints": {
                    "allow": [
                        "GET"
                    ]
                }
            }
        ],
        "collection": [
            {
                "href": "https:\/\/textil.md\/ru\/index.php?rest_route=\/wp\/v2\/product"
            }
        ],
        "about": [
            {
                "href": "https:\/\/textil.md\/ru\/index.php?rest_route=\/wp\/v2\/types\/product"
            }
        ],
        "replies": [
            {
                "embeddable": true,
                "href": "https:\/\/textil.md\/ru\/index.php?rest_route=%2Fwp%2Fv2%2Fcomments&post=33594"
            }
        ],
        "wp:featuredmedia": [
            {
                "embeddable": true,
                "href": "https:\/\/textil.md\/ru\/index.php?rest_route=\/wp\/v2\/media\/33589"
            }
        ],
        "wp:attachment": [
            {
                "href": "https:\/\/textil.md\/ru\/index.php?rest_route=%2Fwp%2Fv2%2Fmedia&parent=33594"
            }
        ],
        "wp:term": [
            {
                "taxonomy": "product_brand",
                "embeddable": true,
                "href": "https:\/\/textil.md\/ru\/index.php?rest_route=%2Fwp%2Fv2%2Fproduct_brand&post=33594"
            },
            {
                "taxonomy": "product_cat",
                "embeddable": true,
                "href": "https:\/\/textil.md\/ru\/index.php?rest_route=%2Fwp%2Fv2%2Fproduct_cat&post=33594"
            },
            {
                "taxonomy": "product_tag",
                "embeddable": true,
                "href": "https:\/\/textil.md\/ru\/index.php?rest_route=%2Fwp%2Fv2%2Fproduct_tag&post=33594"
            }
        ],
        "curies": [
            {
                "name": "wp",
                "href": "https:\/\/api.w.org\/{rel}",
                "templated": true
            }
        ]
    }
}